{"id":25033,"date":"2026-04-27T12:27:26","date_gmt":"2026-04-27T16:27:26","guid":{"rendered":"https:\/\/ermdigital.com\/index.php\/2026\/04\/27\/conocen-medida-de-coercion-contra-siete-implicados-en-muerte-de-chofer-en-santiago-en-medio-de-nuevas-versiones-del-caso\/"},"modified":"2026-04-27T12:27:26","modified_gmt":"2026-04-27T16:27:26","slug":"conocen-medida-de-coercion-contra-siete-implicados-en-muerte-de-chofer-en-santiago-en-medio-de-nuevas-versiones-del-caso","status":"publish","type":"post","link":"https:\/\/ermdigital.com\/index.php\/2026\/04\/27\/conocen-medida-de-coercion-contra-siete-implicados-en-muerte-de-chofer-en-santiago-en-medio-de-nuevas-versiones-del-caso\/","title":{"rendered":"Conocen medida de coerci\u00f3n contra siete implicados en muerte de chofer en Santiago; en medio de nuevas versiones del caso"},"content":{"rendered":"<p>Santiago.- El juez coordinador de los Juzgados de la Instrucci\u00f3n del distrito judicial de Santiago, Jos\u00e9 Rafael de As\u00eds Burgos, conoce ahora la solicitud de medida de coerci\u00f3n contra siete hombres implicados en la muerte del chofer recolector de basura Deivy Carlos Abreu Quezada, en un caso que ha cobrado mayor relevancia por la aparici\u00f3n de versiones contradictorias sobre su origen.<\/p>\n<p>El Ministerio P\u00fablico solicit\u00f3 prisi\u00f3n preventiva contra los imputados Adony Antonio Ure\u00f1a Ventura, Andr\u00e9s Moncl\u00fa Gonz\u00e1lez, Carlos Andr\u00e9s Roa Mor\u00e1n, Miguel Garc\u00eda Balbuena, Joanfry Joel N\u00fa\u00f1ez, Juan Carlos Soto Ortiz y Kevin Francisco Metz Cruz, a quienes vincula directamente con el crimen.<\/p>\n<p>La audiencia se lleva a cabo en estos momentos, luego de que fuera aplazada la semana pasada por falta de notificaci\u00f3n formal a una de las partes involucradas. En la sala se encuentran los representantes del Ministerio P\u00fablico, los abogados de la defensa y los acusados.<\/p>\n<p>De manera paralela, las autoridades mantienen activa la b\u00fasqueda de Jhovanny de Jes\u00fas Metz Cruz, alias \u201cMacho\u201d, de 28 a\u00f1os, se\u00f1alado como el presunto autor material de la herida mortal que provoc\u00f3 la muerte de Abreu Quezada.<\/p>\n<p>Seg\u00fan las investigaciones preliminares, el hecho se habr\u00eda originado tras una persecuci\u00f3n por un supuesto roce vehicular en la avenida Circunvalaci\u00f3n Sur. No obstante, las autoridades indicaron que no existen evidencias de personas heridas, lo que contradice esa versi\u00f3n inicial.<\/p>\n<p>En medio del proceso han surgido nuevas hip\u00f3tesis que apuntan a que el crimen podr\u00eda estar relacionado con el cobro de una deuda, lo que ampl\u00eda el curso de las investigaciones.<\/p>\n<p><strong><em>Te puede interesar: <a href=\"https:\/\/deultimominuto.net\/nacionales\/martinez-brito-afirma-hay-coautoria-en-asesinato-de-chofer-en-santiago-y-exige-entrega-de-profugos\/\">Mart\u00ednez Brito afirma hay coautor\u00eda en asesinato de chofer en Santiago y exige entrega de pr\u00f3fugos<\/a><\/em><\/strong><\/p>\n<p>Los imputados permanecen detenidos desde hace diez d\u00edas en la carcelita del Palacio de Justicia de Santiago, y hoy fueron presentados al tercera el tribunal colegiado, donde se conoce la audiencia por razones espacio, donde el magistrado determinar\u00e1 las medidas cautelares correspondientes.<\/p>\n<p>El caso mantiene en vilo a la opini\u00f3n p\u00fablica, mientras familiares de la v\u00edctima exigen justicia y el esclarecimiento total de lo ocurrido.<\/p>\n<p>\u200bSantiago.- El juez coordinador de los Juzgados de la Instrucci\u00f3n del distrito judicial de Santiago, Jos\u00e9 Rafael de As\u00eds Burgos, conoce ahora la solicitud de medida de coerci\u00f3n contra siete hombres implicados en la muerte del chofer recolector de basura Deivy Carlos Abreu Quezada, en un caso que ha cobrado mayor relevancia por la aparici\u00f3n\u00a0\u00a0Nacionales, Deultimominuto, ElPeri\u00f3dicodelaVerdad, muerte de chofer, Rep\u00fablica Dominicana\u00a0\u00a0<\/p>\n","protected":false},"excerpt":{"rendered":"<p>Santiago.- El juez coordinador de los Juzgados de la Instrucci\u00f3n del distrito judicial de Santiago, Jos\u00e9 Rafael de As\u00eds Burgos, conoce ahora la solicitud de medida de coerci\u00f3n contra siete hombres implicados en la muerte del chofer recolector de basura Deivy Carlos Abreu Quezada, en un caso que ha cobrado mayor relevancia por la aparici\u00f3n [&hellip;]<\/p>\n","protected":false},"author":1,"featured_media":25034,"comment_status":"open","ping_status":"open","sticky":false,"template":"","format":"standard","meta":{"amp_status":"","footnotes":""},"categories":[3],"tags":[],"class_list":["post-25033","post","type-post","status-publish","format-standard","has-post-thumbnail","hentry","category-de-ultimo-minuto"],"_links":{"self":[{"href":"https:\/\/ermdigital.com\/index.php\/wp-json\/wp\/v2\/posts\/25033","targetHints":{"allow":["GET"]}}],"collection":[{"href":"https:\/\/ermdigital.com\/index.php\/wp-json\/wp\/v2\/posts"}],"about":[{"href":"https:\/\/ermdigital.com\/index.php\/wp-json\/wp\/v2\/types\/post"}],"author":[{"embeddable":true,"href":"https:\/\/ermdigital.com\/index.php\/wp-json\/wp\/v2\/users\/1"}],"replies":[{"embeddable":true,"href":"https:\/\/ermdigital.com\/index.php\/wp-json\/wp\/v2\/comments?post=25033"}],"version-history":[{"count":0,"href":"https:\/\/ermdigital.com\/index.php\/wp-json\/wp\/v2\/posts\/25033\/revisions"}],"wp:featuredmedia":[{"embeddable":true,"href":"https:\/\/ermdigital.com\/index.php\/wp-json\/wp\/v2\/media\/25034"}],"wp:attachment":[{"href":"https:\/\/ermdigital.com\/index.php\/wp-json\/wp\/v2\/media?parent=25033"}],"wp:term":[{"taxonomy":"category","embeddable":true,"href":"https:\/\/ermdigital.com\/index.php\/wp-json\/wp\/v2\/categories?post=25033"},{"taxonomy":"post_tag","embeddable":true,"href":"https:\/\/ermdigital.com\/index.php\/wp-json\/wp\/v2\/tags?post=25033"}],"curies":[{"name":"wp","href":"https:\/\/api.w.org\/{rel}","templated":true}]}}