{"id":25023,"date":"2026-04-27T13:16:43","date_gmt":"2026-04-27T17:16:43","guid":{"rendered":"https:\/\/ermdigital.com\/index.php\/2026\/04\/27\/abinader-afirma-que-intervencion-en-sosua-marca-un-renacer-turistico-y-social-de-la-zona\/"},"modified":"2026-04-27T13:16:43","modified_gmt":"2026-04-27T17:16:43","slug":"abinader-afirma-que-intervencion-en-sosua-marca-un-renacer-turistico-y-social-de-la-zona","status":"publish","type":"post","link":"https:\/\/ermdigital.com\/index.php\/2026\/04\/27\/abinader-afirma-que-intervencion-en-sosua-marca-un-renacer-turistico-y-social-de-la-zona\/","title":{"rendered":"Abinader afirma que intervenci\u00f3n en Sos\u00faa marca \u201cun renacer\u201d tur\u00edstico y social de la zona"},"content":{"rendered":"<p>Sos\u00faa, Puerto Plata.\u2013 El presidente Luis Abinader asegur\u00f3 que las obras de mejoramiento del frente costero de la playa de Sos\u00faa representa \u201cun renacer\u201d para este destino tur\u00edstico, al destacar que la intervenci\u00f3n permitir\u00e1 reorganizar el espacio, atraer m\u00e1s visitantes y dinamizar la econom\u00eda local.<\/p>\n<p>Durante la actividad, el mandatario resalt\u00f3 el valor hist\u00f3rico y emocional que tiene Sos\u00faa, no solo para la provincia de Puerto Plata, sino para todo el pa\u00eds.<\/p>\n<blockquote class=\"wp-block-quote is-layout-flow wp-block-quote-is-layout-flow\">\n<p>\u201cSos\u00faa no pertenece solamente a Puerto Plata. Es un \u00edcono de la regi\u00f3n norte y de toda la Rep\u00fablica Dominicana\u201d, expres\u00f3, al tiempo que evoc\u00f3 recuerdos de su ni\u00f1ez y juventud en la zona, donde dijo aprendi\u00f3 a amar sus playas y su entorno.<\/p>\n<\/blockquote>\n<p>El jefe de Estado reconoci\u00f3 que, con el paso de los a\u00f1os, el crecimiento desordenado afect\u00f3 el desarrollo del destino, debido a la proliferaci\u00f3n de casetas sin planificaci\u00f3n. En ese sentido, sostuvo que la actual intervenci\u00f3n busca corregir esas distorsiones, garantizando que el turismo beneficie a todos los sectores.<\/p>\n<p>Abinader afirm\u00f3 que el proyecto impactar\u00e1 directamente a vendedores, operadores tur\u00edsticos y empresarios, al generar mayores oportunidades econ\u00f3micas.<\/p>\n<blockquote class=\"wp-block-quote is-layout-flow wp-block-quote-is-layout-flow\">\n<p>\u201cAqu\u00ed ganamos todos. Van a vender m\u00e1s, vendr\u00e1n m\u00e1s turistas y se crear\u00e1n m\u00e1s empleos en toda la regi\u00f3n\u201d, indic\u00f3.<\/p>\n<\/blockquote>\n<p>Asimismo, destac\u00f3 que uno de los objetivos principales es transformar la imagen de Sos\u00faa, alej\u00e1ndola de pr\u00e1cticas negativas del pasado y posicion\u00e1ndola como un destino familiar y seguro.<\/p>\n<blockquote class=\"wp-block-quote is-layout-flow wp-block-quote-is-layout-flow\">\n<p>\u201cEstamos limpiando de los vicios que existieron durante a\u00f1os, que afectaron su reputaci\u00f3n\u201d, se\u00f1al\u00f3.<\/p>\n<\/blockquote>\n<p>El mandatario tambi\u00e9n vincul\u00f3 esta obra con otros proyectos estrat\u00e9gicos en la zona norte, como el desarrollo de Punta Bergant\u00edn, con el cual se busca atraer cadenas hoteleras internacionales y fortalecer la promoci\u00f3n del destino a nivel global.<\/p>\n<p>En materia de infraestructura, inform\u00f3 que se construye un hospital con especialidad en traumatolog\u00eda en Sos\u00faa, el cual estar\u00e1 listo en noviembre de este a\u00f1o, con el objetivo de atender emergencias y salvar vidas en toda la regi\u00f3n.<\/p>\n<p><strong>Te puede interesar: <a href=\"https:\/\/deultimominuto.net\/nacionales\/accidente-de-transito-involucra-unidad-de-escolta-presidencial-en-carretera-maimon-puerto-plata\/\">Accidente de tr\u00e1nsito involucra unidad de escolta presidencial en carretera Maim\u00f3n\u2013Puerto Plata<\/a><\/strong><\/p>\n<p>Adem\u00e1s, anunci\u00f3 que el Gobierno lanzar\u00e1 a finales de mayo un plan integral para el relanzamiento de Boca Chica, otra de las principales playas del pa\u00eds.<\/p>\n<p>Finalmente, Abinader hizo un llamado a los actores locales a cuidar y preservar los avances logrados.<\/p>\n<blockquote class=\"wp-block-quote is-layout-flow wp-block-quote-is-layout-flow\">\n<p>\u201cEste pa\u00eds quiere orden, pero orden con justicia\u201d, expres\u00f3, al reiterar que el desarrollo tur\u00edstico debe ir de la mano con el bienestar de la poblaci\u00f3n.<\/p>\n<\/blockquote>\n<p>La intervenci\u00f3n en el frente costero de Sos\u00faa contempla la adecuaci\u00f3n de espacios recreativos, mejoras en la infraestructura y un plan de saneamiento ambiental, con miras a consolidar este destino como uno de los m\u00e1s atractivos del Caribe.<\/p>\n<p>\u200bSos\u00faa, Puerto Plata.\u2013 El presidente Luis Abinader asegur\u00f3 que las obras de mejoramiento del frente costero de la playa de Sos\u00faa representa \u201cun renacer\u201d para este destino tur\u00edstico, al destacar que la intervenci\u00f3n permitir\u00e1 reorganizar el espacio, atraer m\u00e1s visitantes y dinamizar la econom\u00eda local. Durante la actividad, el mandatario resalt\u00f3 el valor hist\u00f3rico y\u00a0\u00a0Nacionales, Deultimominuto, ElPeri\u00f3dicodelaVerdad, Luis Abinader, Rep\u00fablica Dominicana\u00a0\u00a0<\/p>\n","protected":false},"excerpt":{"rendered":"<p>Sos\u00faa, Puerto Plata.\u2013 El presidente Luis Abinader asegur\u00f3 que las obras de mejoramiento del frente costero de la playa de Sos\u00faa representa \u201cun renacer\u201d para este destino tur\u00edstico, al destacar que la intervenci\u00f3n permitir\u00e1 reorganizar el espacio, atraer m\u00e1s visitantes y dinamizar la econom\u00eda local. Durante la actividad, el mandatario resalt\u00f3 el valor hist\u00f3rico y [&hellip;]<\/p>\n","protected":false},"author":1,"featured_media":25024,"comment_status":"open","ping_status":"open","sticky":false,"template":"","format":"standard","meta":{"amp_status":"","footnotes":""},"categories":[3],"tags":[],"class_list":["post-25023","post","type-post","status-publish","format-standard","has-post-thumbnail","hentry","category-de-ultimo-minuto"],"_links":{"self":[{"href":"https:\/\/ermdigital.com\/index.php\/wp-json\/wp\/v2\/posts\/25023","targetHints":{"allow":["GET"]}}],"collection":[{"href":"https:\/\/ermdigital.com\/index.php\/wp-json\/wp\/v2\/posts"}],"about":[{"href":"https:\/\/ermdigital.com\/index.php\/wp-json\/wp\/v2\/types\/post"}],"author":[{"embeddable":true,"href":"https:\/\/ermdigital.com\/index.php\/wp-json\/wp\/v2\/users\/1"}],"replies":[{"embeddable":true,"href":"https:\/\/ermdigital.com\/index.php\/wp-json\/wp\/v2\/comments?post=25023"}],"version-history":[{"count":0,"href":"https:\/\/ermdigital.com\/index.php\/wp-json\/wp\/v2\/posts\/25023\/revisions"}],"wp:featuredmedia":[{"embeddable":true,"href":"https:\/\/ermdigital.com\/index.php\/wp-json\/wp\/v2\/media\/25024"}],"wp:attachment":[{"href":"https:\/\/ermdigital.com\/index.php\/wp-json\/wp\/v2\/media?parent=25023"}],"wp:term":[{"taxonomy":"category","embeddable":true,"href":"https:\/\/ermdigital.com\/index.php\/wp-json\/wp\/v2\/categories?post=25023"},{"taxonomy":"post_tag","embeddable":true,"href":"https:\/\/ermdigital.com\/index.php\/wp-json\/wp\/v2\/tags?post=25023"}],"curies":[{"name":"wp","href":"https:\/\/api.w.org\/{rel}","templated":true}]}}