{"id":25011,"date":"2026-04-27T12:21:06","date_gmt":"2026-04-27T16:21:06","guid":{"rendered":"https:\/\/ermdigital.com\/index.php\/2026\/04\/27\/san-juan-acata-paro-de-labores-en-rechazo-a-actividad-minera-en-la-provincia\/"},"modified":"2026-04-27T12:21:06","modified_gmt":"2026-04-27T16:21:06","slug":"san-juan-acata-paro-de-labores-en-rechazo-a-actividad-minera-en-la-provincia","status":"publish","type":"post","link":"https:\/\/ermdigital.com\/index.php\/2026\/04\/27\/san-juan-acata-paro-de-labores-en-rechazo-a-actividad-minera-en-la-provincia\/","title":{"rendered":"San Juan acata paro de labores en rechazo a actividad minera en la provincia\u00a0"},"content":{"rendered":"<p>&lt;![CDATA[<\/p>\n<p>Comunitarios de diversas localidades de la sure\u00f1a provincia<b>  San Juan<\/b> acataron este lunes el llamado a paro en rechazo a la actividad minera en esa demarcaci\u00f3n, al asegurar que dichas acciones afectar\u00eda el agua de la zona.<\/p>\n<p><a href=\"https:\/\/listindiario.com\/la-republica\/20260427\/comunitarios-san-juan-acatan-paro-rechazo-actividad-minera-provincia_903435.html\">wf_cms.rss.read_more<\/a><\/p>\n<p>]]&gt;<\/p>\n<p>\u200bComunitarios alegan que en fase de ejecuci\u00f3n el proyecto contaminar\u00eda r\u00edos y afluentes.\u00a0\u00a0La Rep\u00fablica\u00a0<\/p>\n","protected":false},"excerpt":{"rendered":"<p>&lt;![CDATA[ Comunitarios de diversas localidades de la sure\u00f1a provincia San Juan acataron este lunes el llamado a paro en rechazo a la actividad minera en esa demarcaci\u00f3n, al asegurar que dichas acciones afectar\u00eda el agua de la zona. wf_cms.rss.read_more ]]&gt; \u200bComunitarios alegan que en fase de ejecuci\u00f3n el proyecto contaminar\u00eda r\u00edos y afluentes.\u00a0\u00a0La Rep\u00fablica\u00a0<\/p>\n","protected":false},"author":1,"featured_media":25012,"comment_status":"open","ping_status":"open","sticky":false,"template":"","format":"standard","meta":{"amp_status":"","footnotes":""},"categories":[5],"tags":[],"class_list":["post-25011","post","type-post","status-publish","format-standard","has-post-thumbnail","hentry","category-politica"],"_links":{"self":[{"href":"https:\/\/ermdigital.com\/index.php\/wp-json\/wp\/v2\/posts\/25011","targetHints":{"allow":["GET"]}}],"collection":[{"href":"https:\/\/ermdigital.com\/index.php\/wp-json\/wp\/v2\/posts"}],"about":[{"href":"https:\/\/ermdigital.com\/index.php\/wp-json\/wp\/v2\/types\/post"}],"author":[{"embeddable":true,"href":"https:\/\/ermdigital.com\/index.php\/wp-json\/wp\/v2\/users\/1"}],"replies":[{"embeddable":true,"href":"https:\/\/ermdigital.com\/index.php\/wp-json\/wp\/v2\/comments?post=25011"}],"version-history":[{"count":0,"href":"https:\/\/ermdigital.com\/index.php\/wp-json\/wp\/v2\/posts\/25011\/revisions"}],"wp:featuredmedia":[{"embeddable":true,"href":"https:\/\/ermdigital.com\/index.php\/wp-json\/wp\/v2\/media\/25012"}],"wp:attachment":[{"href":"https:\/\/ermdigital.com\/index.php\/wp-json\/wp\/v2\/media?parent=25011"}],"wp:term":[{"taxonomy":"category","embeddable":true,"href":"https:\/\/ermdigital.com\/index.php\/wp-json\/wp\/v2\/categories?post=25011"},{"taxonomy":"post_tag","embeddable":true,"href":"https:\/\/ermdigital.com\/index.php\/wp-json\/wp\/v2\/tags?post=25011"}],"curies":[{"name":"wp","href":"https:\/\/api.w.org\/{rel}","templated":true}]}}