{"id":25009,"date":"2026-04-27T13:06:45","date_gmt":"2026-04-27T17:06:45","guid":{"rendered":"https:\/\/ermdigital.com\/index.php\/2026\/04\/27\/aeronave-belga-fue-atacada-a-tiros-cuando-transportaba-soldados-a-haiti-militares-aterrizaron-en-rd\/"},"modified":"2026-04-27T13:06:45","modified_gmt":"2026-04-27T17:06:45","slug":"aeronave-belga-fue-atacada-a-tiros-cuando-transportaba-soldados-a-haiti-militares-aterrizaron-en-rd","status":"publish","type":"post","link":"https:\/\/ermdigital.com\/index.php\/2026\/04\/27\/aeronave-belga-fue-atacada-a-tiros-cuando-transportaba-soldados-a-haiti-militares-aterrizaron-en-rd\/","title":{"rendered":"Aeronave belga fue atacada a tiros cuando transportaba soldados a Hait\u00ed; militares aterrizaron en RD\u00a0"},"content":{"rendered":"<p>&lt;![CDATA[<\/p>\n<p>El pasado 25 de abril, el ministro de Defensa y Comercio Exterior de B\u00e9lgica, Theo Francken, escribi\u00f3 en una publicaci\u00f3n de su cuenta de X que un avi\u00f3n de su pa\u00eds fue atacado a tiros, sin especificar lugar y d\u00eda exacto de la situaci\u00f3n.<\/p>\n<p><a href=\"https:\/\/listindiario.com\/la-republica\/20260427\/aeronave-belga-atacada-tiros-transportaba-soldados-haiti-militares-aterrizaron-rd_903445.html\">wf_cms.rss.read_more<\/a><\/p>\n<p>]]&gt;<\/p>\n<p>\u200bMedios de prensa de ese pa\u00eds se\u00f1alan que el avi\u00f3n sali\u00f3 desde Chad, pa\u00eds ubicado en \u00c1frica Central, aterriz\u00f3 en Rep\u00fablica Dominicana y luego sali\u00f3 hacia Puerto Pr\u00edncipe a dejar los soldados.\u00a0\u00a0La Rep\u00fablica\u00a0<\/p>\n","protected":false},"excerpt":{"rendered":"<p>&lt;![CDATA[ El pasado 25 de abril, el ministro de Defensa y Comercio Exterior de B\u00e9lgica, Theo Francken, escribi\u00f3 en una publicaci\u00f3n de su cuenta de X que un avi\u00f3n de su pa\u00eds fue atacado a tiros, sin especificar lugar y d\u00eda exacto de la situaci\u00f3n. wf_cms.rss.read_more ]]&gt; \u200bMedios de prensa de ese pa\u00eds se\u00f1alan que [&hellip;]<\/p>\n","protected":false},"author":1,"featured_media":25010,"comment_status":"open","ping_status":"open","sticky":false,"template":"","format":"standard","meta":{"amp_status":"","footnotes":""},"categories":[5],"tags":[],"class_list":["post-25009","post","type-post","status-publish","format-standard","has-post-thumbnail","hentry","category-politica"],"_links":{"self":[{"href":"https:\/\/ermdigital.com\/index.php\/wp-json\/wp\/v2\/posts\/25009","targetHints":{"allow":["GET"]}}],"collection":[{"href":"https:\/\/ermdigital.com\/index.php\/wp-json\/wp\/v2\/posts"}],"about":[{"href":"https:\/\/ermdigital.com\/index.php\/wp-json\/wp\/v2\/types\/post"}],"author":[{"embeddable":true,"href":"https:\/\/ermdigital.com\/index.php\/wp-json\/wp\/v2\/users\/1"}],"replies":[{"embeddable":true,"href":"https:\/\/ermdigital.com\/index.php\/wp-json\/wp\/v2\/comments?post=25009"}],"version-history":[{"count":0,"href":"https:\/\/ermdigital.com\/index.php\/wp-json\/wp\/v2\/posts\/25009\/revisions"}],"wp:featuredmedia":[{"embeddable":true,"href":"https:\/\/ermdigital.com\/index.php\/wp-json\/wp\/v2\/media\/25010"}],"wp:attachment":[{"href":"https:\/\/ermdigital.com\/index.php\/wp-json\/wp\/v2\/media?parent=25009"}],"wp:term":[{"taxonomy":"category","embeddable":true,"href":"https:\/\/ermdigital.com\/index.php\/wp-json\/wp\/v2\/categories?post=25009"},{"taxonomy":"post_tag","embeddable":true,"href":"https:\/\/ermdigital.com\/index.php\/wp-json\/wp\/v2\/tags?post=25009"}],"curies":[{"name":"wp","href":"https:\/\/api.w.org\/{rel}","templated":true}]}}