{"id":25003,"date":"2026-04-27T11:35:11","date_gmt":"2026-04-27T15:35:11","guid":{"rendered":"https:\/\/ermdigital.com\/index.php\/2026\/04\/27\/melania-trump-pide-el-despido-de-jimmy-kimmel-tras-polemico-comentario-en-television\/"},"modified":"2026-04-27T11:35:11","modified_gmt":"2026-04-27T15:35:11","slug":"melania-trump-pide-el-despido-de-jimmy-kimmel-tras-polemico-comentario-en-television","status":"publish","type":"post","link":"https:\/\/ermdigital.com\/index.php\/2026\/04\/27\/melania-trump-pide-el-despido-de-jimmy-kimmel-tras-polemico-comentario-en-television\/","title":{"rendered":"Melania Trump pide el despido de Jimmy Kimmel tras pol\u00e9mico comentario en televisi\u00f3n"},"content":{"rendered":"<p><strong>Washington.-<\/strong> La primera dama de Estados Unidos, Melania Trump, solicit\u00f3 p\u00fablicamente que la cadena ABC tome medidas contra el presentador Jimmy Kimmel, tras considerar ofensivo un reciente mon\u00f3logo emitido en su programa nocturno.<\/p>\n<p>De acuerdo con reportes internacionales, Trump calific\u00f3 las declaraciones del comediante como \u201codiosas\u201d y asegur\u00f3 que su contenido contribuye a la divisi\u00f3n social en el pa\u00eds. En ese sentido, pidi\u00f3 directamente a la televisora que eval\u00fae la permanencia del conductor en pantalla.<\/p>\n<p>La controversia surge luego de que Kimmel realizara un comentario sat\u00edrico sobre la primera dama durante una parodia relacionada con la tradicional cena de corresponsales de la Casa Blanca. El segmento gener\u00f3 cr\u00edticas, especialmente por producirse pocos d\u00edas antes de un incidente violento vinculado a ese evento.<\/p>\n<p>En su reacci\u00f3n, Melania Trump afirm\u00f3 que ese tipo de contenido \u201cno es comedia\u201d, sino un discurso que, a su juicio, promueve el odio y deteriora el clima pol\u00edtico en Estados Unidos. Tambi\u00e9n acus\u00f3 a la cadena ABC de permitir reiteradamente este tipo de expresiones sin consecuencias.<\/p>\n<p>El caso ha intensificado el debate sobre los l\u00edmites del humor pol\u00edtico en la televisi\u00f3n estadounidense, as\u00ed como el papel de los medios en contextos de alta polarizaci\u00f3n. Hasta el momento, ni ABC ni el propio Kimmel han emitido una respuesta oficial sobre las declaraciones de la primera dama.<\/p>\n<p>\u200bWashington.- La primera dama de Estados Unidos, Melania Trump, solicit\u00f3 p\u00fablicamente que la cadena ABC tome medidas contra el presentador Jimmy Kimmel, tras considerar ofensivo un reciente mon\u00f3logo emitido en su programa nocturno. De acuerdo con reportes internacionales, Trump calific\u00f3 las declaraciones del comediante como \u201codiosas\u201d y asegur\u00f3 que su contenido contribuye a la divisi\u00f3n\u00a0\u00a0Internacionales, ABC, Melania Trump, Televisi\u00f3n, Washington\u00a0\u00a0<\/p>\n","protected":false},"excerpt":{"rendered":"<p>Washington.- La primera dama de Estados Unidos, Melania Trump, solicit\u00f3 p\u00fablicamente que la cadena ABC tome medidas contra el presentador Jimmy Kimmel, tras considerar ofensivo un reciente mon\u00f3logo emitido en su programa nocturno. De acuerdo con reportes internacionales, Trump calific\u00f3 las declaraciones del comediante como \u201codiosas\u201d y asegur\u00f3 que su contenido contribuye a la divisi\u00f3n [&hellip;]<\/p>\n","protected":false},"author":1,"featured_media":25004,"comment_status":"open","ping_status":"open","sticky":false,"template":"","format":"standard","meta":{"amp_status":"","footnotes":""},"categories":[3],"tags":[],"class_list":["post-25003","post","type-post","status-publish","format-standard","has-post-thumbnail","hentry","category-de-ultimo-minuto"],"_links":{"self":[{"href":"https:\/\/ermdigital.com\/index.php\/wp-json\/wp\/v2\/posts\/25003","targetHints":{"allow":["GET"]}}],"collection":[{"href":"https:\/\/ermdigital.com\/index.php\/wp-json\/wp\/v2\/posts"}],"about":[{"href":"https:\/\/ermdigital.com\/index.php\/wp-json\/wp\/v2\/types\/post"}],"author":[{"embeddable":true,"href":"https:\/\/ermdigital.com\/index.php\/wp-json\/wp\/v2\/users\/1"}],"replies":[{"embeddable":true,"href":"https:\/\/ermdigital.com\/index.php\/wp-json\/wp\/v2\/comments?post=25003"}],"version-history":[{"count":0,"href":"https:\/\/ermdigital.com\/index.php\/wp-json\/wp\/v2\/posts\/25003\/revisions"}],"wp:featuredmedia":[{"embeddable":true,"href":"https:\/\/ermdigital.com\/index.php\/wp-json\/wp\/v2\/media\/25004"}],"wp:attachment":[{"href":"https:\/\/ermdigital.com\/index.php\/wp-json\/wp\/v2\/media?parent=25003"}],"wp:term":[{"taxonomy":"category","embeddable":true,"href":"https:\/\/ermdigital.com\/index.php\/wp-json\/wp\/v2\/categories?post=25003"},{"taxonomy":"post_tag","embeddable":true,"href":"https:\/\/ermdigital.com\/index.php\/wp-json\/wp\/v2\/tags?post=25003"}],"curies":[{"name":"wp","href":"https:\/\/api.w.org\/{rel}","templated":true}]}}