{"id":24999,"date":"2026-04-27T11:45:24","date_gmt":"2026-04-27T15:45:24","guid":{"rendered":"https:\/\/ermdigital.com\/index.php\/2026\/04\/27\/ramon-tolentino-desmiente-circulacion-de-video-con-imagen-de-luis-abinader\/"},"modified":"2026-04-27T11:45:24","modified_gmt":"2026-04-27T15:45:24","slug":"ramon-tolentino-desmiente-circulacion-de-video-con-imagen-de-luis-abinader","status":"publish","type":"post","link":"https:\/\/ermdigital.com\/index.php\/2026\/04\/27\/ramon-tolentino-desmiente-circulacion-de-video-con-imagen-de-luis-abinader\/","title":{"rendered":"Ram\u00f3n Tolentino desmiente circulaci\u00f3n de video con imagen de Luis Abinader"},"content":{"rendered":"<p><strong><em>SANTO DOMINGO.- <\/em><\/strong>El periodista<a href=\"https:\/\/deultimominuto.net\/nacionales\/ramon-tolentino-desmiente-circulacion-de-video-con-imagen-del-presidente-luis-abinader\/\" data-type=\"post\" data-id=\"646660\"> Ram\u00f3n Tolentino<\/a>, posteo en sus redes sociales un mensaje donde desmiente de manare categ\u00f3rica que pronunciamientos realizados en un corte de uno de sus programas en <strong>\u201cEsto no es Radio\u201d <\/strong>fueran en contra del Presidente Luis Abinader.<\/p>\n<p>Tolentino escribi\u00f3 un mensaje especificando que personas malintencionadas tomaron este corte y una foto del presidente, a los fines de generar el morbo y hacer creer que las palabras fueron para el mandatario.<\/p>\n<p>Quiero desmentir de manera categ\u00f3rica la circulaci\u00f3n de un video en redes sociales, donde se utiliz\u00f3 una imagen del Presidente de la Rep\u00fablica Luis Abinader y tomaron el corte de uno de nuestros programas en Esto No Es Radio, con la intensi\u00f3n de hacer creer que mis pronunciamientos fueron en contra del Presidente, \u201cescribi\u00f3 el comunicador\u201d.<\/p>\n<p><strong><em>Te puede interesar: <a href=\"https:\/\/deultimominuto.net\/nacionales\/tolentino-revela-sicariato-2\/\">Ram\u00f3n Tolentino revela que muerte de mujer en Sabana Iglesia fue un sicariato pagado<\/a><\/em><\/strong><\/p>\n<p>El comunicador manifest\u00f3 que siempre utiliza palabras en esa tonalidad y de manera contundentes, pero aclar\u00f3 que este corte fue tomado de uno de sus programas y le colocaron la imagen, pero que es totalmente falso. @ozunainformard<\/p>\n<p>\u200bSANTO DOMINGO.- El periodista Ram\u00f3n Tolentino, posteo en sus redes sociales un mensaje donde desmiente de manare categ\u00f3rica que pronunciamientos realizados en un corte de uno de sus programas en \u201cEsto no es Radio\u201d fueran en contra del Presidente Luis Abinader. Tolentino escribi\u00f3 un mensaje especificando que personas malintencionadas tomaron este corte y una foto\u00a0\u00a0Nacionales, desmiente, Deultimominuto, ElPeri\u00f3dicodelaVerdad, Ram\u00f3n Tolentino, Rep\u00fablica Dominicana\u00a0\u00a0<\/p>\n","protected":false},"excerpt":{"rendered":"<p>SANTO DOMINGO.- El periodista Ram\u00f3n Tolentino, posteo en sus redes sociales un mensaje donde desmiente de manare categ\u00f3rica que pronunciamientos realizados en un corte de uno de sus programas en \u201cEsto no es Radio\u201d fueran en contra del Presidente Luis Abinader. Tolentino escribi\u00f3 un mensaje especificando que personas malintencionadas tomaron este corte y una foto [&hellip;]<\/p>\n","protected":false},"author":1,"featured_media":25000,"comment_status":"open","ping_status":"open","sticky":false,"template":"","format":"standard","meta":{"amp_status":"","footnotes":""},"categories":[3],"tags":[],"class_list":["post-24999","post","type-post","status-publish","format-standard","has-post-thumbnail","hentry","category-de-ultimo-minuto"],"_links":{"self":[{"href":"https:\/\/ermdigital.com\/index.php\/wp-json\/wp\/v2\/posts\/24999","targetHints":{"allow":["GET"]}}],"collection":[{"href":"https:\/\/ermdigital.com\/index.php\/wp-json\/wp\/v2\/posts"}],"about":[{"href":"https:\/\/ermdigital.com\/index.php\/wp-json\/wp\/v2\/types\/post"}],"author":[{"embeddable":true,"href":"https:\/\/ermdigital.com\/index.php\/wp-json\/wp\/v2\/users\/1"}],"replies":[{"embeddable":true,"href":"https:\/\/ermdigital.com\/index.php\/wp-json\/wp\/v2\/comments?post=24999"}],"version-history":[{"count":0,"href":"https:\/\/ermdigital.com\/index.php\/wp-json\/wp\/v2\/posts\/24999\/revisions"}],"wp:featuredmedia":[{"embeddable":true,"href":"https:\/\/ermdigital.com\/index.php\/wp-json\/wp\/v2\/media\/25000"}],"wp:attachment":[{"href":"https:\/\/ermdigital.com\/index.php\/wp-json\/wp\/v2\/media?parent=24999"}],"wp:term":[{"taxonomy":"category","embeddable":true,"href":"https:\/\/ermdigital.com\/index.php\/wp-json\/wp\/v2\/categories?post=24999"},{"taxonomy":"post_tag","embeddable":true,"href":"https:\/\/ermdigital.com\/index.php\/wp-json\/wp\/v2\/tags?post=24999"}],"curies":[{"name":"wp","href":"https:\/\/api.w.org\/{rel}","templated":true}]}}