{"id":24997,"date":"2026-04-27T11:55:44","date_gmt":"2026-04-27T15:55:44","guid":{"rendered":"https:\/\/ermdigital.com\/index.php\/2026\/04\/27\/colectivo-de-organizaciones-populares-advierte-que-podria-extender-huelga-a-48-horas-en-sfm\/"},"modified":"2026-04-27T11:55:44","modified_gmt":"2026-04-27T15:55:44","slug":"colectivo-de-organizaciones-populares-advierte-que-podria-extender-huelga-a-48-horas-en-sfm","status":"publish","type":"post","link":"https:\/\/ermdigital.com\/index.php\/2026\/04\/27\/colectivo-de-organizaciones-populares-advierte-que-podria-extender-huelga-a-48-horas-en-sfm\/","title":{"rendered":"Colectivo de Organizaciones Populares advierte que podr\u00eda extender huelga a 48 horas en SFM"},"content":{"rendered":"<p>SAN FRANCISCO DE MACOR\u00cdS \u2013 El Colectivo de Organizaciones Populares ha calificado como \"digna\" la respuesta de la ciudadan\u00eda ante el primer d\u00eda de huelga convocado por 24 horas, advirtiendo que el movimiento podr\u00eda extenderse si las autoridades no presentan soluciones concretas a sus demandas.<\/p>\n<p>En declaraciones recientes, un representante del colectivo denunci\u00f3 lo que describi\u00f3 como una \"militarizaci\u00f3n sin precedentes\" de la ciudad, as\u00ed como el hostigamiento a sectores populares y el asedio a las residencias de los principales dirigentes sociales.<\/p>\n<h2 class=\"wp-block-heading\">Cr\u00edticas al gasto en seguridad<\/h2>\n<p>El dirigente critic\u00f3 que el Gobierno Central haya destinado \"millonadas\" en log\u00edstica militar para contener la protesta, en lugar de invertir esos recursos en resolver las problem\u00e1ticas que afectan a la regi\u00f3n.<\/p>\n<p><strong><em>Te puede interesar: <a href=\"https:\/\/deultimominuto.net\/nacionales\/militarizan-municipios-de-santiago-y-otros-pueblos-del-cibao-por-paro-de-24-horas-en-demanda-de-obras-sociales\/\">Militarizan municipios de Santiago y otros pueblos del Cibao por paro de 24 horas en demanda de obras sociales<\/a><\/em><\/strong><\/p>\n<p>\"Esa ha sido la respuesta y el tratamiento de guerra a los que son los justos reclamos de este pueblo\", afirm\u00f3 Jos\u00e9 Mercado, portavoz, se\u00f1alando que la presencia policial y militar solo ha incrementado la indignaci\u00f3n de los mun\u00edcipes.<\/p>\n<p>\u200bSAN FRANCISCO DE MACOR\u00cdS \u2013 El Colectivo de Organizaciones Populares ha calificado como \"digna\" la respuesta de la ciudadan\u00eda ante el primer d\u00eda de huelga convocado por 24 horas, advirtiendo que el movimiento podr\u00eda extenderse si las autoridades no presentan soluciones concretas a sus demandas. En declaraciones recientes, un representante del colectivo denunci\u00f3 lo que\u00a0\u00a0Nacionales, Colectivo de Organizaciones Populares, Deultimominuto, ElPeri\u00f3dicodelaVerdad, extender huelga, Rep\u00fablica Dominicana, sfm\u00a0\u00a0<\/p>\n","protected":false},"excerpt":{"rendered":"<p>SAN FRANCISCO DE MACOR\u00cdS \u2013 El Colectivo de Organizaciones Populares ha calificado como \"digna\" la respuesta de la ciudadan\u00eda ante el primer d\u00eda de huelga convocado por 24 horas, advirtiendo que el movimiento podr\u00eda extenderse si las autoridades no presentan soluciones concretas a sus demandas. En declaraciones recientes, un representante del colectivo denunci\u00f3 lo que [&hellip;]<\/p>\n","protected":false},"author":1,"featured_media":24998,"comment_status":"open","ping_status":"open","sticky":false,"template":"","format":"standard","meta":{"amp_status":"","footnotes":""},"categories":[3],"tags":[],"class_list":["post-24997","post","type-post","status-publish","format-standard","has-post-thumbnail","hentry","category-de-ultimo-minuto"],"_links":{"self":[{"href":"https:\/\/ermdigital.com\/index.php\/wp-json\/wp\/v2\/posts\/24997","targetHints":{"allow":["GET"]}}],"collection":[{"href":"https:\/\/ermdigital.com\/index.php\/wp-json\/wp\/v2\/posts"}],"about":[{"href":"https:\/\/ermdigital.com\/index.php\/wp-json\/wp\/v2\/types\/post"}],"author":[{"embeddable":true,"href":"https:\/\/ermdigital.com\/index.php\/wp-json\/wp\/v2\/users\/1"}],"replies":[{"embeddable":true,"href":"https:\/\/ermdigital.com\/index.php\/wp-json\/wp\/v2\/comments?post=24997"}],"version-history":[{"count":0,"href":"https:\/\/ermdigital.com\/index.php\/wp-json\/wp\/v2\/posts\/24997\/revisions"}],"wp:featuredmedia":[{"embeddable":true,"href":"https:\/\/ermdigital.com\/index.php\/wp-json\/wp\/v2\/media\/24998"}],"wp:attachment":[{"href":"https:\/\/ermdigital.com\/index.php\/wp-json\/wp\/v2\/media?parent=24997"}],"wp:term":[{"taxonomy":"category","embeddable":true,"href":"https:\/\/ermdigital.com\/index.php\/wp-json\/wp\/v2\/categories?post=24997"},{"taxonomy":"post_tag","embeddable":true,"href":"https:\/\/ermdigital.com\/index.php\/wp-json\/wp\/v2\/tags?post=24997"}],"curies":[{"name":"wp","href":"https:\/\/api.w.org\/{rel}","templated":true}]}}