{"id":24993,"date":"2026-04-27T12:04:25","date_gmt":"2026-04-27T16:04:25","guid":{"rendered":"https:\/\/ermdigital.com\/index.php\/2026\/04\/27\/consternacion-por-la-muerte-de-la-periodista-ana-karina-matos-y-su-bebe\/"},"modified":"2026-04-27T12:04:25","modified_gmt":"2026-04-27T16:04:25","slug":"consternacion-por-la-muerte-de-la-periodista-ana-karina-matos-y-su-bebe","status":"publish","type":"post","link":"https:\/\/ermdigital.com\/index.php\/2026\/04\/27\/consternacion-por-la-muerte-de-la-periodista-ana-karina-matos-y-su-bebe\/","title":{"rendered":"Consternaci\u00f3n por la muerte de la periodista Ana Karina Matos y su beb\u00e9"},"content":{"rendered":"<p><strong>Santo Domingo.<\/strong> La comunidad period\u00edstica nacional se encuentra sumida en el dolor tras la confirmaci\u00f3n del fallecimiento de la periodista Ana Karina Matos, ocurrido en el centro m\u00e9dico CGE Gastrodiagn\u00f3stico de esta capital.<\/p>\n<p>De acuerdo con las informaciones ofrecidas, la comunicadora se encontraba en estado de gestaci\u00f3n al momento de su deceso. En medio de esta lamentable situaci\u00f3n, tambi\u00e9n se report\u00f3 la p\u00e9rdida del beb\u00e9 que esperaba, hecho que ha generado una profunda consternaci\u00f3n entre sus familiares, amigos cercanos y colegas de profesi\u00f3n.<\/p>\n<p>La noticia ha causado un gran impacto en el \u00e1mbito de la comunicaci\u00f3n, donde Matos era ampliamente valorada no solo por su desempe\u00f1o profesional, sino tambi\u00e9n por su calidad humana. Quienes tuvieron la oportunidad de conocerla coinciden en describirla como una persona \u00edntegra, responsable y comprometida con los principios \u00e9ticos del periodismo.<\/p>\n<p><a href=\"https:\/\/deultimominuto.net\/nacionales\/fallece-periodista-higueyana\/\">Tambi\u00e9n puedes leer. Fallece periodista hig\u00fceyana Patricia P\u00e9rez de un infarto<\/a><\/p>\n<p>Asimismo, sus excompa\u00f1eros de estudios y colegas de labores la recuerdan como una mujer de trato afable, siempre dispuesta a tender una mano amiga y a colaborar en equipo. Su car\u00e1cter alegre y su vocaci\u00f3n de servicio la convirtieron en una figura apreciada dentro y fuera de las redacciones.<\/p>\n<p>Matos hab\u00eda logrado construir una trayectoria prometedora en el ejercicio de la comunicaci\u00f3n social, destac\u00e1ndose por su dedicaci\u00f3n, profesionalismo y sensibilidad en el abordaje de los temas. Su partida deja un vac\u00edo significativo en el gremio period\u00edstico, que hoy lamenta la p\u00e9rdida de una profesional con un futuro lleno de posibilidades.<\/p>\n<p>En este momento de duelo, diversas voces del sector han expresado su solidaridad con los familiares de la periodista, elevando plegarias por el eterno descanso de su alma y recordando el legado humano y profesional que deja como ejemplo para las nuevas generaciones de comunicadores.<\/p>\n<p>\u200bSanto Domingo. La comunidad period\u00edstica nacional se encuentra sumida en el dolor tras la confirmaci\u00f3n del fallecimiento de la periodista Ana Karina Matos, ocurrido en el centro m\u00e9dico CGE Gastrodiagn\u00f3stico de esta capital. De acuerdo con las informaciones ofrecidas, la comunicadora se encontraba en estado de gestaci\u00f3n al momento de su deceso. En medio de\u00a0\u00a0Nacionales, Ana Karina Matos\u00a0\u00a0<\/p>\n","protected":false},"excerpt":{"rendered":"<p>Santo Domingo. La comunidad period\u00edstica nacional se encuentra sumida en el dolor tras la confirmaci\u00f3n del fallecimiento de la periodista Ana Karina Matos, ocurrido en el centro m\u00e9dico CGE Gastrodiagn\u00f3stico de esta capital. De acuerdo con las informaciones ofrecidas, la comunicadora se encontraba en estado de gestaci\u00f3n al momento de su deceso. En medio de [&hellip;]<\/p>\n","protected":false},"author":1,"featured_media":24994,"comment_status":"open","ping_status":"open","sticky":false,"template":"","format":"standard","meta":{"amp_status":"","footnotes":""},"categories":[3],"tags":[],"class_list":["post-24993","post","type-post","status-publish","format-standard","has-post-thumbnail","hentry","category-de-ultimo-minuto"],"_links":{"self":[{"href":"https:\/\/ermdigital.com\/index.php\/wp-json\/wp\/v2\/posts\/24993","targetHints":{"allow":["GET"]}}],"collection":[{"href":"https:\/\/ermdigital.com\/index.php\/wp-json\/wp\/v2\/posts"}],"about":[{"href":"https:\/\/ermdigital.com\/index.php\/wp-json\/wp\/v2\/types\/post"}],"author":[{"embeddable":true,"href":"https:\/\/ermdigital.com\/index.php\/wp-json\/wp\/v2\/users\/1"}],"replies":[{"embeddable":true,"href":"https:\/\/ermdigital.com\/index.php\/wp-json\/wp\/v2\/comments?post=24993"}],"version-history":[{"count":0,"href":"https:\/\/ermdigital.com\/index.php\/wp-json\/wp\/v2\/posts\/24993\/revisions"}],"wp:featuredmedia":[{"embeddable":true,"href":"https:\/\/ermdigital.com\/index.php\/wp-json\/wp\/v2\/media\/24994"}],"wp:attachment":[{"href":"https:\/\/ermdigital.com\/index.php\/wp-json\/wp\/v2\/media?parent=24993"}],"wp:term":[{"taxonomy":"category","embeddable":true,"href":"https:\/\/ermdigital.com\/index.php\/wp-json\/wp\/v2\/categories?post=24993"},{"taxonomy":"post_tag","embeddable":true,"href":"https:\/\/ermdigital.com\/index.php\/wp-json\/wp\/v2\/tags?post=24993"}],"curies":[{"name":"wp","href":"https:\/\/api.w.org\/{rel}","templated":true}]}}