{"id":24989,"date":"2026-04-27T12:11:47","date_gmt":"2026-04-27T16:11:47","guid":{"rendered":"https:\/\/ermdigital.com\/index.php\/2026\/04\/27\/dictan-tres-meses-de-prision-preventiva-contra-padre-acusado-de-asfixiar-a-su-hija-y-ocultar-su-cuerpo-en-una-mochila-en-los-girasoles\/"},"modified":"2026-04-27T12:11:47","modified_gmt":"2026-04-27T16:11:47","slug":"dictan-tres-meses-de-prision-preventiva-contra-padre-acusado-de-asfixiar-a-su-hija-y-ocultar-su-cuerpo-en-una-mochila-en-los-girasoles","status":"publish","type":"post","link":"https:\/\/ermdigital.com\/index.php\/2026\/04\/27\/dictan-tres-meses-de-prision-preventiva-contra-padre-acusado-de-asfixiar-a-su-hija-y-ocultar-su-cuerpo-en-una-mochila-en-los-girasoles\/","title":{"rendered":"Dictan tres meses de prisi\u00f3n preventiva contra padre acusado de asfixiar a su hija y ocultar su cuerpo en una mochila en Los Girasoles"},"content":{"rendered":"<p>Santo Domingo.- La Oficina de Atenci\u00f3n Permanente del Distrito Nacional dict\u00f3 tres meses de prisi\u00f3n preventiva como medida de coerci\u00f3n contra Rosi Alfredo Mota Almonte, alias \u201cEl Loc\u00f3n Brake\u201d, \u201cEl Loc\u00f3n Break\u201d o \u201cFreddy\u201d, se\u00f1alado como el principal responsable de la muerte de su hija, la peque\u00f1a Ruth Ang\u00e9lica Mota Mart\u00ednez, de un a\u00f1o y tres meses de edad.<\/p>\n<p>El imputado deber\u00e1 cumplirla en el Centro de Correcci\u00f3n y Rehabilitaci\u00f3n Najayo-Hombres (San Crist\u00f3bal), mientras el Ministerio P\u00fablico contin\u00faa las investigaciones.<\/p>\n<p>Seg\u00fan el expediente, el cuerpo sin vida de la menor fue hallado el martes 21 de abril dentro de una mochila arrojada a una ca\u00f1ada en el sector Los Girasoles, Distrito Nacional, a pocos metros de la vivienda familiar. El Instituto Nacional de Ciencias Forenses (Inacif) determin\u00f3 que la causa de muerte fue hipoxia cerebral por asfixia.<\/p>\n<p>Las investigaciones establecen que Mota Almonte habr\u00eda asfixiado a la ni\u00f1a en la casa, colocado el cad\u00e1ver en un bulto y lanzado la mochila a la ca\u00f1ada. Horas despu\u00e9s, el hombre report\u00f3 la desaparici\u00f3n de su hija y particip\u00f3 activamente en las labores de b\u00fasqueda junto a vecinos y autoridades, lo que gener\u00f3 mayor conmoci\u00f3n cuando se descubri\u00f3 el cuerpo.<\/p>\n<p>El arresto se ejecut\u00f3 el jueves 23 de abril mediante orden judicial n\u00famero 2026-AJ0032-323, tras recopilar indicios suficientes por parte de la Polic\u00eda Nacional y el Ministerio P\u00fablico. El vocero policial, coronel Diego Pesqueira, hab\u00eda confirmado que la detenci\u00f3n se bas\u00f3 en evidencias que vinculaban directamente al padre con el hecho, aunque por sensibilidad del caso se reservaron detalles hasta la audiencia.<\/p>\n<p>La audiencia de coerci\u00f3n, pautada inicialmente para el fin de semana, se celebr\u00f3 este lunes. El Ministerio P\u00fablico hab\u00eda solicitado prisi\u00f3n preventiva argumentando riesgo de fuga y obstrucci\u00f3n a la investigaci\u00f3n. La madre de la menor fue interrogada, pero no enfrenta cargos ni se encuentra detenida.<\/p>\n<p><strong><em>Te puede interesar: <a href=\"https:\/\/deultimominuto.net\/nacionales\/ministerio-publico-solicita-3\/\">MP solicita prisi\u00f3n preventiva contra padre de ni\u00f1a hallada sin vida en ca\u00f1ada de Los Girasoles<\/a><\/em><\/strong><\/p>\n<p>Las autoridades contin\u00faan analizando evidencias, incluyendo c\u00e1maras de vigilancia de la zona, mientras el cad\u00e1ver de la peque\u00f1a Ruth Ang\u00e9lica ya fue sepultado. El Ministerio P\u00fablico asegur\u00f3 que no descansar\u00e1 hasta esclarecer completamente las circunstancias de este \u201clamentable y atroz hecho\u201d.<\/p>\n<p>\u200bSanto Domingo.- La Oficina de Atenci\u00f3n Permanente del Distrito Nacional dict\u00f3 tres meses de prisi\u00f3n preventiva como medida de coerci\u00f3n contra Rosi Alfredo Mota Almonte, alias \u201cEl Loc\u00f3n Brake\u201d, \u201cEl Loc\u00f3n Break\u201d o \u201cFreddy\u201d, se\u00f1alado como el principal responsable de la muerte de su hija, la peque\u00f1a Ruth Ang\u00e9lica Mota Mart\u00ednez, de un a\u00f1o y\u00a0\u00a0Justicia, Nacionales, Deultimominuto, ElPeri\u00f3dicodelaVerdad, Los Girasoles, Prisi\u00f3n Preventiva, Rep\u00fablica Dominicana\u00a0\u00a0<\/p>\n","protected":false},"excerpt":{"rendered":"<p>Santo Domingo.- La Oficina de Atenci\u00f3n Permanente del Distrito Nacional dict\u00f3 tres meses de prisi\u00f3n preventiva como medida de coerci\u00f3n contra Rosi Alfredo Mota Almonte, alias \u201cEl Loc\u00f3n Brake\u201d, \u201cEl Loc\u00f3n Break\u201d o \u201cFreddy\u201d, se\u00f1alado como el principal responsable de la muerte de su hija, la peque\u00f1a Ruth Ang\u00e9lica Mota Mart\u00ednez, de un a\u00f1o y [&hellip;]<\/p>\n","protected":false},"author":1,"featured_media":24990,"comment_status":"open","ping_status":"open","sticky":false,"template":"","format":"standard","meta":{"amp_status":"","footnotes":""},"categories":[3],"tags":[],"class_list":["post-24989","post","type-post","status-publish","format-standard","has-post-thumbnail","hentry","category-de-ultimo-minuto"],"_links":{"self":[{"href":"https:\/\/ermdigital.com\/index.php\/wp-json\/wp\/v2\/posts\/24989","targetHints":{"allow":["GET"]}}],"collection":[{"href":"https:\/\/ermdigital.com\/index.php\/wp-json\/wp\/v2\/posts"}],"about":[{"href":"https:\/\/ermdigital.com\/index.php\/wp-json\/wp\/v2\/types\/post"}],"author":[{"embeddable":true,"href":"https:\/\/ermdigital.com\/index.php\/wp-json\/wp\/v2\/users\/1"}],"replies":[{"embeddable":true,"href":"https:\/\/ermdigital.com\/index.php\/wp-json\/wp\/v2\/comments?post=24989"}],"version-history":[{"count":0,"href":"https:\/\/ermdigital.com\/index.php\/wp-json\/wp\/v2\/posts\/24989\/revisions"}],"wp:featuredmedia":[{"embeddable":true,"href":"https:\/\/ermdigital.com\/index.php\/wp-json\/wp\/v2\/media\/24990"}],"wp:attachment":[{"href":"https:\/\/ermdigital.com\/index.php\/wp-json\/wp\/v2\/media?parent=24989"}],"wp:term":[{"taxonomy":"category","embeddable":true,"href":"https:\/\/ermdigital.com\/index.php\/wp-json\/wp\/v2\/categories?post=24989"},{"taxonomy":"post_tag","embeddable":true,"href":"https:\/\/ermdigital.com\/index.php\/wp-json\/wp\/v2\/tags?post=24989"}],"curies":[{"name":"wp","href":"https:\/\/api.w.org\/{rel}","templated":true}]}}