{"id":24983,"date":"2026-04-27T12:03:27","date_gmt":"2026-04-27T16:03:27","guid":{"rendered":"https:\/\/ermdigital.com\/index.php\/2026\/04\/27\/mineria-crece-7-7-en-el-primer-trimestre-de-2026\/"},"modified":"2026-04-27T12:03:27","modified_gmt":"2026-04-27T16:03:27","slug":"mineria-crece-7-7-en-el-primer-trimestre-de-2026","status":"publish","type":"post","link":"https:\/\/ermdigital.com\/index.php\/2026\/04\/27\/mineria-crece-7-7-en-el-primer-trimestre-de-2026\/","title":{"rendered":"Miner\u00eda crece 7.7 % en el primer trimestre de 2026\u00a0"},"content":{"rendered":"<p><span class=\"field field--name-title field--type-string field--label-hidden\">Miner\u00eda crece 7.7 % en el primer trimestre de 2026\u00a0 <\/span><br \/>\n<span class=\"field field--name-uid field--type-entity-reference field--label-hidden\"><span>rosahenriquez<\/span><\/span><br \/>\n<span class=\"field field--name-created field--type-created field--label-hidden\"><time datetime=\"2026-04-27T12:03:27-04:00\" title=\"Lunes, Abril 27, 2026 - 12:03\" class=\"datetime\">27 de  Abril 2026 | 12:03<\/time><br \/>\n<\/span><\/p>\n<div class=\"clearfix text-formatted field field--name-body field--type-text-with-summary field--label-hidden field__item\">\n<div class=\"OutlineElement Ltr SCXW150801249 BCX0\">\n<p class=\"text-align-justify\"><span class=\"TextRun SCXW150801249 BCX0 NormalTextRun\" lang=\"ES-DO\">Santo <\/span><span class=\"TextRun SCXW150801249 BCX0 NormalTextRun ContextualSpellingAndGrammarErrorV2Themed\" lang=\"ES-DO\">Domingo.-<\/span><span class=\"TextRun SCXW150801249 BCX0 NormalTextRun\" lang=\"ES-DO\"> El ministro de Energ\u00eda y Minas, <strong>Joel Santos,<\/strong> inform\u00f3 que la actividad minera registr\u00f3 un <strong>crecimiento de 7.7 %<\/strong> durante el primer trimestre de 2026, posicion\u00e1ndose como el <strong>sector de mayor dinamismo<\/strong> dentro de la econom\u00eda dominicana en ese per\u00edodo.\u00a0<\/span><span class=\"EOP SCXW150801249 BCX0\">\u00a0<\/span><\/p>\n<\/div>\n<div class=\"OutlineElement Ltr SCXW150801249 BCX0\">\n<p class=\"text-align-justify\"><span class=\"TextRun SCXW150801249 BCX0 NormalTextRun\" lang=\"ES-DO\">El funcionario explic\u00f3 que este desempe\u00f1o se produce en un contexto en el que la econom\u00eda nacional alcanz\u00f3 un <strong>crecimiento acumulado de 4.1 %,<\/strong> seg\u00fan cifras preliminares del <strong>Indicador Mensual de Actividad Econ\u00f3mica<\/strong> (IMAE) del <strong>Banco Central de la Rep\u00fablica Dominicana<\/strong>, lo que evidencia la contribuci\u00f3n decisiva del sector minero al dinamismo econ\u00f3mico.\u00a0<\/span><span class=\"EOP SCXW150801249 BCX0\">\u00a0<\/span><\/p>\n<\/div>\n<div class=\"OutlineElement Ltr SCXW150801249 BCX0\">\n<p class=\"text-align-justify\"><span class=\"TextRun SCXW150801249 BCX0 NormalTextRun\" lang=\"ES-DO\">Santos subray\u00f3 que este crecimiento estuvo impulsado por mayores vol\u00famenes de extracci\u00f3n de<strong> oro, plata y materiales de construcci\u00f3n<\/strong>, consolidando a la miner\u00eda como uno de los <strong>pilares exportadores<\/strong> del pa\u00eds. Record\u00f3 que en 2025 las exportaciones mineras superaron <strong>los USD 2,500 millones<\/strong>, con el oro como principal producto, mientras que los aportes fiscales del sector alcanzaron aproximadamente <strong>RD 45,000 millones<\/strong>, fortaleciendo las finanzas p\u00fablicas.\u00a0<\/span><span class=\"EOP SCXW150801249 BCX0\">\u00a0<\/span><\/p>\n<\/div>\n<div class=\"OutlineElement Ltr SCXW150801249 BCX0\">\n<p class=\"text-align-justify\"><span class=\"TextRun SCXW150801249 BCX0 NormalTextRun\" lang=\"ES-DO\">Asimismo, destac\u00f3 que la miner\u00eda mantiene niveles salariales competitivos, genera encadenamientos productivos relevantes y posee un car\u00e1cter <\/span><span class=\"TextRun SCXW150801249 BCX0 NormalTextRun SpellingErrorV2Themed\" lang=\"ES-DO\">contrac\u00edclico<\/span><span class=\"TextRun SCXW150801249 BCX0 NormalTextRun\" lang=\"ES-DO\"> que le permite sostener su aporte incluso en contextos internacionales complejos, aportando estabilidad a la econom\u00eda nacional.\u00a0<\/span><span class=\"EOP SCXW150801249 BCX0\">\u00a0<\/span><\/p>\n<\/div>\n<div class=\"OutlineElement Ltr SCXW150801249 BCX0\">\n<p class=\"text-align-justify\"><span class=\"TextRun SCXW150801249 BCX0 NormalTextRun\" lang=\"ES-DO\">El ministro reiter\u00f3 que en 2025 el sector represent\u00f3 cerca del <strong>2 % del producto interno bruto<\/strong> (PIB) y alrededor del <strong>7 % del producto bruto industrial<\/strong>, adem\u00e1s de consolidarse como uno de los principales receptores de inversi\u00f3n extranjera directa, con <strong>USD 420.6 millones<\/strong> al segundo trimestre, reflejo de la confianza de los inversionistas en el potencial minero del pa\u00eds.\u00a0<\/span><span class=\"EOP SCXW150801249 BCX0\">\u00a0<\/span><\/p>\n<\/div>\n<div class=\"OutlineElement Ltr SCXW150801249 BCX0\">\n<p class=\"text-align-justify\"><span class=\"TextRun SCXW150801249 BCX0 NormalTextRun\" lang=\"ES-DO\"><strong>En materia energ\u00e9tica<\/strong>, Santos precis\u00f3 que el sector <strong>creci\u00f3 3.4 %<\/strong> en el per\u00edodo enero-marzo de 2026, en l\u00ednea con la expansi\u00f3n de la demanda. Este desempe\u00f1o se sustenta en el proceso de <strong>transformaci\u00f3n estructural del sistema el\u00e9ctrico<\/strong>, que ha permitido incrementar la capacidad instalada y diversificar la matriz energ\u00e9tica.\u00a0<\/span><span class=\"EOP SCXW150801249 BCX0\">\u00a0<\/span><\/p>\n<\/div>\n<div class=\"OutlineElement Ltr SCXW150801249 BCX0\">\n<p class=\"text-align-justify\"><span class=\"TextRun SCXW150801249 BCX0 NormalTextRun\" lang=\"ES-DO\">En ese sentido, destac\u00f3 que entre <strong>2020 y 2025<\/strong> la capacidad de generaci\u00f3n pas\u00f3 <strong>de 4,921 MW a m\u00e1s de 7,100 MW, <\/strong>con una participaci\u00f3n creciente de energ\u00edas renovables, que representaron m\u00e1s del <strong>50 % <\/strong>de la nueva capacidad incorporada en los \u00faltimos a\u00f1os.\u00a0<\/span><span class=\"EOP SCXW150801249 BCX0\">\u00a0<\/span><\/p>\n<\/div>\n<div class=\"OutlineElement Ltr SCXW150801249 BCX0\">\n<p class=\"text-align-justify\"><span class=\"TextRun SCXW150801249 BCX0 NormalTextRun\" lang=\"ES-DO\">El ministro resalt\u00f3, adem\u00e1s, el desarrollo de proyectos estrat\u00e9gicos como el complejo energ\u00e9tico de <strong>Manzanillo <\/strong><\/span><span class=\"TextRun SCXW150801249 BCX0 NormalTextRun SpellingErrorV2Themed\" lang=\"ES-DO\"><strong>Power<\/strong><\/span><span class=\"TextRun SCXW150801249 BCX0 NormalTextRun\" lang=\"ES-DO\"><strong> <\/strong><\/span><span class=\"TextRun SCXW150801249 BCX0 NormalTextRun SpellingErrorV2Themed\" lang=\"ES-DO\"><strong>Land<\/strong><\/span><span class=\"TextRun SCXW150801249 BCX0 NormalTextRun\" lang=\"ES-DO\"><strong>,<\/strong> llamado a convertirse en uno de los principales nodos de <strong>generaci\u00f3n a<\/strong> <strong>gas natural<\/strong> del pa\u00eds, junto con la incorporaci\u00f3n de sistemas de almacenamiento en bater\u00edas (BESS), que fortalecer\u00e1n la <strong>estabilidad y resiliencia<\/strong> del sistema el\u00e9ctrico nacional.\u00a0<\/span><span class=\"EOP SCXW150801249 BCX0\">\u00a0<\/span><\/p>\n<\/div>\n<div class=\"OutlineElement Ltr SCXW150801249 BCX0\">\n<p class=\"text-align-justify\"><span class=\"TextRun SCXW150801249 BCX0 NormalTextRun\" lang=\"ES-DO\">Santos reafirm\u00f3 que, tanto la miner\u00eda como la energ\u00eda contin\u00faan consolid\u00e1ndose como ejes clave del <strong>crecimiento econ\u00f3mico, la atracci\u00f3n de inversiones y la seguridad energ\u00e9tica<\/strong> de la Rep\u00fablica Dominicana.<\/span><\/p>\n<\/div>\n<\/div>\n<div class=\"field field--name-field-image field--type-image field--label-hidden field__item\">  <img decoding=\"async\" loading=\"lazy\" src=\"https:\/\/www.presidencia.gob.do\/sites\/default\/files\/news\/2026-04\/Dise%C3%B1o%20sin%20t%C3%ADtulo%20%2824%29_0.png\" width=\"1300\" height=\"730\" alt=\"Miner\u00eda\"><\/p>\n<\/div>\n<p>\u00a0Miner\u00eda crece 7.7 % en el primer trimestre de 2026\u00a0<br \/>\nrosahenriquez<br \/>\n27 de  Abril 2026 | 12:03<\/p>\n<p>Santo Domingo.- El ministro de Energ\u00eda y Minas, Joel Santos, inform\u00f3 que la actividad minera registr\u00f3 un crecimiento de 7.7 % durante el primer trimestre de 2026, posicion\u00e1ndose como el sector de mayor dinamismo dentro de la econom\u00eda dominicana en ese per\u00edodo.\u00a0\u00a0<\/p>\n<p>El funcionario explic\u00f3 que este desempe\u00f1o se produce en un contexto en el que la econom\u00eda nacional alcanz\u00f3 un crecimiento acumulado de 4.1 %, seg\u00fan cifras preliminares del Indicador Mensual de Actividad Econ\u00f3mica (IMAE) del Banco Central de la Rep\u00fablica Dominicana, lo que evidencia la contribuci\u00f3n decisiva del sector minero al dinamismo econ\u00f3mico.\u00a0\u00a0<\/p>\n<p>Santos subray\u00f3 que este crecimiento estuvo impulsado por mayores vol\u00famenes de extracci\u00f3n de oro, plata y materiales de construcci\u00f3n, consolidando a la miner\u00eda como uno de los pilares exportadores del pa\u00eds. Record\u00f3 que en 2025 las exportaciones mineras superaron los USD 2,500 millones, con el oro como principal producto, mientras que los aportes fiscales del sector alcanzaron aproximadamente RD 45,000 millones, fortaleciendo las finanzas p\u00fablicas.\u00a0\u00a0<\/p>\n<p>Asimismo, destac\u00f3 que la miner\u00eda mantiene niveles salariales competitivos, genera encadenamientos productivos relevantes y posee un car\u00e1cter contrac\u00edclico que le permite sostener su aporte incluso en contextos internacionales complejos, aportando estabilidad a la econom\u00eda nacional.\u00a0\u00a0<\/p>\n<p>El ministro reiter\u00f3 que en 2025 el sector represent\u00f3 cerca del 2 % del producto interno bruto (PIB) y alrededor del 7 % del producto bruto industrial, adem\u00e1s de consolidarse como uno de los principales receptores de inversi\u00f3n extranjera directa, con USD 420.6 millones al segundo trimestre, reflejo de la confianza de los inversionistas en el potencial minero del pa\u00eds.\u00a0\u00a0<\/p>\n<p>En materia energ\u00e9tica, Santos precis\u00f3 que el sector creci\u00f3 3.4 % en el per\u00edodo enero-marzo de 2026, en l\u00ednea con la expansi\u00f3n de la demanda. Este desempe\u00f1o se sustenta en el proceso de transformaci\u00f3n estructural del sistema el\u00e9ctrico, que ha permitido incrementar la capacidad instalada y diversificar la matriz energ\u00e9tica.\u00a0\u00a0<\/p>\n<p>En ese sentido, destac\u00f3 que entre 2020 y 2025 la capacidad de generaci\u00f3n pas\u00f3 de 4,921 MW a m\u00e1s de 7,100 MW, con una participaci\u00f3n creciente de energ\u00edas renovables, que representaron m\u00e1s del 50 % de la nueva capacidad incorporada en los \u00faltimos a\u00f1os.\u00a0\u00a0<\/p>\n<p>El ministro resalt\u00f3, adem\u00e1s, el desarrollo de proyectos estrat\u00e9gicos como el complejo energ\u00e9tico de Manzanillo Power Land, llamado a convertirse en uno de los principales nodos de generaci\u00f3n a gas natural del pa\u00eds, junto con la incorporaci\u00f3n de sistemas de almacenamiento en bater\u00edas (BESS), que fortalecer\u00e1n la estabilidad y resiliencia del sistema el\u00e9ctrico nacional.\u00a0\u00a0<\/p>\n<p>Santos reafirm\u00f3 que, tanto la miner\u00eda como la energ\u00eda contin\u00faan consolid\u00e1ndose como ejes clave del crecimiento econ\u00f3mico, la atracci\u00f3n de inversiones y la seguridad energ\u00e9tica de la Rep\u00fablica Dominicana.\u00a0\u00a0\u00a0<\/p>\n","protected":false},"excerpt":{"rendered":"<p>Miner\u00eda crece 7.7 % en el primer trimestre de 2026\u00a0 rosahenriquez 27 de Abril 2026 | 12:03 Santo Domingo.- El ministro de Energ\u00eda y Minas, Joel Santos, inform\u00f3 que la actividad minera registr\u00f3 un crecimiento de 7.7 % durante el primer trimestre de 2026, posicion\u00e1ndose como el sector de mayor dinamismo dentro de la econom\u00eda [&hellip;]<\/p>\n","protected":false},"author":1,"featured_media":24984,"comment_status":"open","ping_status":"open","sticky":false,"template":"","format":"standard","meta":{"amp_status":"","footnotes":""},"categories":[8],"tags":[],"class_list":["post-24983","post","type-post","status-publish","format-standard","has-post-thumbnail","hentry","category-republica"],"_links":{"self":[{"href":"https:\/\/ermdigital.com\/index.php\/wp-json\/wp\/v2\/posts\/24983","targetHints":{"allow":["GET"]}}],"collection":[{"href":"https:\/\/ermdigital.com\/index.php\/wp-json\/wp\/v2\/posts"}],"about":[{"href":"https:\/\/ermdigital.com\/index.php\/wp-json\/wp\/v2\/types\/post"}],"author":[{"embeddable":true,"href":"https:\/\/ermdigital.com\/index.php\/wp-json\/wp\/v2\/users\/1"}],"replies":[{"embeddable":true,"href":"https:\/\/ermdigital.com\/index.php\/wp-json\/wp\/v2\/comments?post=24983"}],"version-history":[{"count":0,"href":"https:\/\/ermdigital.com\/index.php\/wp-json\/wp\/v2\/posts\/24983\/revisions"}],"wp:featuredmedia":[{"embeddable":true,"href":"https:\/\/ermdigital.com\/index.php\/wp-json\/wp\/v2\/media\/24984"}],"wp:attachment":[{"href":"https:\/\/ermdigital.com\/index.php\/wp-json\/wp\/v2\/media?parent=24983"}],"wp:term":[{"taxonomy":"category","embeddable":true,"href":"https:\/\/ermdigital.com\/index.php\/wp-json\/wp\/v2\/categories?post=24983"},{"taxonomy":"post_tag","embeddable":true,"href":"https:\/\/ermdigital.com\/index.php\/wp-json\/wp\/v2\/tags?post=24983"}],"curies":[{"name":"wp","href":"https:\/\/api.w.org\/{rel}","templated":true}]}}