{"id":24979,"date":"2026-04-27T11:06:34","date_gmt":"2026-04-27T15:06:34","guid":{"rendered":"https:\/\/ermdigital.com\/index.php\/2026\/04\/27\/los-fiscales-abiertos-a-cambiar-calificacion-juridica-del-caso-jet-set\/"},"modified":"2026-04-27T11:06:34","modified_gmt":"2026-04-27T15:06:34","slug":"los-fiscales-abiertos-a-cambiar-calificacion-juridica-del-caso-jet-set","status":"publish","type":"post","link":"https:\/\/ermdigital.com\/index.php\/2026\/04\/27\/los-fiscales-abiertos-a-cambiar-calificacion-juridica-del-caso-jet-set\/","title":{"rendered":"Los fiscales, abiertos a cambiar calificaci\u00f3n jur\u00eddica del caso Jet Set\u00a0"},"content":{"rendered":"<p>&lt;![CDATA[<\/p>\n<p>El Ministerio P\u00fablico manifest\u00f3 este lunes que el \u00f3rgano acusador no se opone a la comparecencia y posterior interrogatorio de <b>Gregory Adames<\/b>, testigo clave en el caso Jet Set, se\u00f1alando que los elementos que surjan de dicha <b>declaraci\u00f3n podr\u00edan motivar un cambio en la tipificaci\u00f3n<\/b> legal del proceso.<\/p>\n<p><a href=\"https:\/\/listindiario.com\/la-republica\/20260427\/mp-muestra-abierto-modificar-calificacion-juridica-homicidio-involuntario-caso-jet-set_903426.html\">wf_cms.rss.read_more<\/a><\/p>\n<p>]]&gt;<\/p>\n<p>\u200bEl fiscal Enmanuel Ram\u00edrez sostuvo que si durante el interrogatorio a Gregory Adames salen a relucir datos que alteren la narrativa f\u00e1ctica presentada inicialmente, el \u00f3rgano persecutor est\u00e1 en la disposici\u00f3n de realizar los ajustes pertinentes\u00a0\u00a0La Rep\u00fablica\u00a0<\/p>\n","protected":false},"excerpt":{"rendered":"<p>&lt;![CDATA[ El Ministerio P\u00fablico manifest\u00f3 este lunes que el \u00f3rgano acusador no se opone a la comparecencia y posterior interrogatorio de Gregory Adames, testigo clave en el caso Jet Set, se\u00f1alando que los elementos que surjan de dicha declaraci\u00f3n podr\u00edan motivar un cambio en la tipificaci\u00f3n legal del proceso. wf_cms.rss.read_more ]]&gt; \u200bEl fiscal Enmanuel Ram\u00edrez [&hellip;]<\/p>\n","protected":false},"author":1,"featured_media":24980,"comment_status":"open","ping_status":"open","sticky":false,"template":"","format":"standard","meta":{"amp_status":"","footnotes":""},"categories":[5],"tags":[],"class_list":["post-24979","post","type-post","status-publish","format-standard","has-post-thumbnail","hentry","category-politica"],"_links":{"self":[{"href":"https:\/\/ermdigital.com\/index.php\/wp-json\/wp\/v2\/posts\/24979","targetHints":{"allow":["GET"]}}],"collection":[{"href":"https:\/\/ermdigital.com\/index.php\/wp-json\/wp\/v2\/posts"}],"about":[{"href":"https:\/\/ermdigital.com\/index.php\/wp-json\/wp\/v2\/types\/post"}],"author":[{"embeddable":true,"href":"https:\/\/ermdigital.com\/index.php\/wp-json\/wp\/v2\/users\/1"}],"replies":[{"embeddable":true,"href":"https:\/\/ermdigital.com\/index.php\/wp-json\/wp\/v2\/comments?post=24979"}],"version-history":[{"count":0,"href":"https:\/\/ermdigital.com\/index.php\/wp-json\/wp\/v2\/posts\/24979\/revisions"}],"wp:featuredmedia":[{"embeddable":true,"href":"https:\/\/ermdigital.com\/index.php\/wp-json\/wp\/v2\/media\/24980"}],"wp:attachment":[{"href":"https:\/\/ermdigital.com\/index.php\/wp-json\/wp\/v2\/media?parent=24979"}],"wp:term":[{"taxonomy":"category","embeddable":true,"href":"https:\/\/ermdigital.com\/index.php\/wp-json\/wp\/v2\/categories?post=24979"},{"taxonomy":"post_tag","embeddable":true,"href":"https:\/\/ermdigital.com\/index.php\/wp-json\/wp\/v2\/tags?post=24979"}],"curies":[{"name":"wp","href":"https:\/\/api.w.org\/{rel}","templated":true}]}}