{"id":24977,"date":"2026-04-27T11:20:05","date_gmt":"2026-04-27T15:20:05","guid":{"rendered":"https:\/\/ermdigital.com\/index.php\/2026\/04\/27\/escolta-presidencial-se-accidenta-y-deja-tres-heridos-en-puerto-plata\/"},"modified":"2026-04-27T11:20:05","modified_gmt":"2026-04-27T15:20:05","slug":"escolta-presidencial-se-accidenta-y-deja-tres-heridos-en-puerto-plata","status":"publish","type":"post","link":"https:\/\/ermdigital.com\/index.php\/2026\/04\/27\/escolta-presidencial-se-accidenta-y-deja-tres-heridos-en-puerto-plata\/","title":{"rendered":"Escolta presidencial se accidenta y deja tres heridos en Puerto Plata\u00a0"},"content":{"rendered":"<p>&lt;![CDATA[<\/p>\n<p>La Presidencia de la Rep\u00fablica inform\u00f3 que a las 8:56 de la ma\u00f1ana de este lunes, personal de la avanzada del presidente <b><a href=\"https:\/\/listindiario.com\/tag\/luis-abinader\" title=\"Luis Abinader\">Luis Abinader<\/a><\/b> sufri\u00f3 un <b><a href=\"https:\/\/listindiario.com\/tag\/accidente-de-transito\" title=\"Accidente de tr\u00e1nsito\">accidente de tr\u00e1nsito<\/a><\/b> en el tramo carretero Maim\u00f3n\u2013<b>Puerto Plata<\/b>, mientras se trasladaba hacia una actividad oficial.<\/p>\n<p><a href=\"https:\/\/listindiario.com\/la-republica\/20260427\/dos-miembros-escolta-presidencial-ciudadano-resultan-heridos-accidente-transito_903428.html\">wf_cms.rss.read_more<\/a><\/p>\n<p>]]&gt;<\/p>\n<p>\u200bInformaciones compartidas en una nota de prensa se\u00f1alan que las tres personas presentan diversos traumas y fueron trasladadas a centros de salud cercanos, donde reciben las atenciones m\u00e9dicas.\u00a0\u00a0La Rep\u00fablica\u00a0<\/p>\n","protected":false},"excerpt":{"rendered":"<p>&lt;![CDATA[ La Presidencia de la Rep\u00fablica inform\u00f3 que a las 8:56 de la ma\u00f1ana de este lunes, personal de la avanzada del presidente Luis Abinader sufri\u00f3 un accidente de tr\u00e1nsito en el tramo carretero Maim\u00f3n\u2013Puerto Plata, mientras se trasladaba hacia una actividad oficial. wf_cms.rss.read_more ]]&gt; \u200bInformaciones compartidas en una nota de prensa se\u00f1alan que las [&hellip;]<\/p>\n","protected":false},"author":1,"featured_media":24978,"comment_status":"open","ping_status":"open","sticky":false,"template":"","format":"standard","meta":{"amp_status":"","footnotes":""},"categories":[5],"tags":[],"class_list":["post-24977","post","type-post","status-publish","format-standard","has-post-thumbnail","hentry","category-politica"],"_links":{"self":[{"href":"https:\/\/ermdigital.com\/index.php\/wp-json\/wp\/v2\/posts\/24977","targetHints":{"allow":["GET"]}}],"collection":[{"href":"https:\/\/ermdigital.com\/index.php\/wp-json\/wp\/v2\/posts"}],"about":[{"href":"https:\/\/ermdigital.com\/index.php\/wp-json\/wp\/v2\/types\/post"}],"author":[{"embeddable":true,"href":"https:\/\/ermdigital.com\/index.php\/wp-json\/wp\/v2\/users\/1"}],"replies":[{"embeddable":true,"href":"https:\/\/ermdigital.com\/index.php\/wp-json\/wp\/v2\/comments?post=24977"}],"version-history":[{"count":0,"href":"https:\/\/ermdigital.com\/index.php\/wp-json\/wp\/v2\/posts\/24977\/revisions"}],"wp:featuredmedia":[{"embeddable":true,"href":"https:\/\/ermdigital.com\/index.php\/wp-json\/wp\/v2\/media\/24978"}],"wp:attachment":[{"href":"https:\/\/ermdigital.com\/index.php\/wp-json\/wp\/v2\/media?parent=24977"}],"wp:term":[{"taxonomy":"category","embeddable":true,"href":"https:\/\/ermdigital.com\/index.php\/wp-json\/wp\/v2\/categories?post=24977"},{"taxonomy":"post_tag","embeddable":true,"href":"https:\/\/ermdigital.com\/index.php\/wp-json\/wp\/v2\/tags?post=24977"}],"curies":[{"name":"wp","href":"https:\/\/api.w.org\/{rel}","templated":true}]}}