{"id":24975,"date":"2026-04-27T11:33:29","date_gmt":"2026-04-27T15:33:29","guid":{"rendered":"https:\/\/ermdigital.com\/index.php\/2026\/04\/27\/comunicador-propina-bofetada-al-padre-de-una-victima-del-jet-set-en-el-palacio-de-justicia\/"},"modified":"2026-04-27T11:33:29","modified_gmt":"2026-04-27T15:33:29","slug":"comunicador-propina-bofetada-al-padre-de-una-victima-del-jet-set-en-el-palacio-de-justicia","status":"publish","type":"post","link":"https:\/\/ermdigital.com\/index.php\/2026\/04\/27\/comunicador-propina-bofetada-al-padre-de-una-victima-del-jet-set-en-el-palacio-de-justicia\/","title":{"rendered":"Comunicador propina bofetada al padre de una v\u00edctima del Jet Set en el Palacio de Justicia\u00a0"},"content":{"rendered":"<p>&lt;![CDATA[<\/p>\n<p>Un ambiente de tensi\u00f3n se vivi\u00f3 este lunes en los pasillos del Palacio de Justicia de Ciudad Nueva, donde se produjo un altercado f\u00edsico entre el comunicador Jhossan Capell y el se\u00f1or Jos\u00e9 Luis Custodio, padre de una de las v\u00edctimas del colapso de la discoteca Jet Set.<\/p>\n<p><a href=\"https:\/\/listindiario.com\/la-republica\/20260427\/comunicador-propina-bofetada-padre-victima-caso-jet-set-palacio-justicia_903431.html\">wf_cms.rss.read_more<\/a><\/p>\n<p>]]&gt;<\/p>\n<p>\u200bEl comunicador Jhossan Capell defend\u00eda a los hermanos Espaillat, mientras el padre vociferaba \u201c son unas ratas\u201d\u00a0\u00a0La Rep\u00fablica\u00a0<\/p>\n","protected":false},"excerpt":{"rendered":"<p>&lt;![CDATA[ Un ambiente de tensi\u00f3n se vivi\u00f3 este lunes en los pasillos del Palacio de Justicia de Ciudad Nueva, donde se produjo un altercado f\u00edsico entre el comunicador Jhossan Capell y el se\u00f1or Jos\u00e9 Luis Custodio, padre de una de las v\u00edctimas del colapso de la discoteca Jet Set. wf_cms.rss.read_more ]]&gt; \u200bEl comunicador Jhossan Capell [&hellip;]<\/p>\n","protected":false},"author":1,"featured_media":24976,"comment_status":"open","ping_status":"open","sticky":false,"template":"","format":"standard","meta":{"amp_status":"","footnotes":""},"categories":[5],"tags":[],"class_list":["post-24975","post","type-post","status-publish","format-standard","has-post-thumbnail","hentry","category-politica"],"_links":{"self":[{"href":"https:\/\/ermdigital.com\/index.php\/wp-json\/wp\/v2\/posts\/24975","targetHints":{"allow":["GET"]}}],"collection":[{"href":"https:\/\/ermdigital.com\/index.php\/wp-json\/wp\/v2\/posts"}],"about":[{"href":"https:\/\/ermdigital.com\/index.php\/wp-json\/wp\/v2\/types\/post"}],"author":[{"embeddable":true,"href":"https:\/\/ermdigital.com\/index.php\/wp-json\/wp\/v2\/users\/1"}],"replies":[{"embeddable":true,"href":"https:\/\/ermdigital.com\/index.php\/wp-json\/wp\/v2\/comments?post=24975"}],"version-history":[{"count":0,"href":"https:\/\/ermdigital.com\/index.php\/wp-json\/wp\/v2\/posts\/24975\/revisions"}],"wp:featuredmedia":[{"embeddable":true,"href":"https:\/\/ermdigital.com\/index.php\/wp-json\/wp\/v2\/media\/24976"}],"wp:attachment":[{"href":"https:\/\/ermdigital.com\/index.php\/wp-json\/wp\/v2\/media?parent=24975"}],"wp:term":[{"taxonomy":"category","embeddable":true,"href":"https:\/\/ermdigital.com\/index.php\/wp-json\/wp\/v2\/categories?post=24975"},{"taxonomy":"post_tag","embeddable":true,"href":"https:\/\/ermdigital.com\/index.php\/wp-json\/wp\/v2\/tags?post=24975"}],"curies":[{"name":"wp","href":"https:\/\/api.w.org\/{rel}","templated":true}]}}