{"id":24973,"date":"2026-04-27T11:51:44","date_gmt":"2026-04-27T15:51:44","guid":{"rendered":"https:\/\/ermdigital.com\/index.php\/2026\/04\/27\/amplio-despliegue-de-policias-y-militares-en-navarrete-por-paro-de-24-horas\/"},"modified":"2026-04-27T11:51:44","modified_gmt":"2026-04-27T15:51:44","slug":"amplio-despliegue-de-policias-y-militares-en-navarrete-por-paro-de-24-horas","status":"publish","type":"post","link":"https:\/\/ermdigital.com\/index.php\/2026\/04\/27\/amplio-despliegue-de-policias-y-militares-en-navarrete-por-paro-de-24-horas\/","title":{"rendered":"Amplio despliegue de polic\u00edas y militares en Navarrete por paro de 24 horas\u00a0"},"content":{"rendered":"<p>&lt;![CDATA[<\/p>\n<p>El municipio de Villa Bison\u00f3 (Navarrete) amaneci\u00f3 este lunes bajo un amplio despliegue de militares y polic\u00edas, en medio del paro de 24 horas convocado por la Coalici\u00f3n de Organizaciones Sociales y Populares del Cibao, en reclamo al cumplimiento de promesas gubernamentales y la ejecuci\u00f3n de obras en la regi\u00f3n Norte del pa\u00eds.<\/p>\n<p><a href=\"https:\/\/listindiario.com\/la-republica\/provincias\/20260427\/paro-24-horas-navarrete-transcurre-transito-normal-fuerte-presencia-militar_903432.html\">wf_cms.rss.read_more<\/a><\/p>\n<p>]]&gt;<\/p>\n<p>\u200bLa protesta se extender\u00e1 hasta el martes 28 de abril\u00a0\u00a0Provincias\u00a0<\/p>\n","protected":false},"excerpt":{"rendered":"<p>&lt;![CDATA[ El municipio de Villa Bison\u00f3 (Navarrete) amaneci\u00f3 este lunes bajo un amplio despliegue de militares y polic\u00edas, en medio del paro de 24 horas convocado por la Coalici\u00f3n de Organizaciones Sociales y Populares del Cibao, en reclamo al cumplimiento de promesas gubernamentales y la ejecuci\u00f3n de obras en la regi\u00f3n Norte del pa\u00eds. wf_cms.rss.read_more [&hellip;]<\/p>\n","protected":false},"author":1,"featured_media":24974,"comment_status":"open","ping_status":"open","sticky":false,"template":"","format":"standard","meta":{"amp_status":"","footnotes":""},"categories":[5],"tags":[],"class_list":["post-24973","post","type-post","status-publish","format-standard","has-post-thumbnail","hentry","category-politica"],"_links":{"self":[{"href":"https:\/\/ermdigital.com\/index.php\/wp-json\/wp\/v2\/posts\/24973","targetHints":{"allow":["GET"]}}],"collection":[{"href":"https:\/\/ermdigital.com\/index.php\/wp-json\/wp\/v2\/posts"}],"about":[{"href":"https:\/\/ermdigital.com\/index.php\/wp-json\/wp\/v2\/types\/post"}],"author":[{"embeddable":true,"href":"https:\/\/ermdigital.com\/index.php\/wp-json\/wp\/v2\/users\/1"}],"replies":[{"embeddable":true,"href":"https:\/\/ermdigital.com\/index.php\/wp-json\/wp\/v2\/comments?post=24973"}],"version-history":[{"count":0,"href":"https:\/\/ermdigital.com\/index.php\/wp-json\/wp\/v2\/posts\/24973\/revisions"}],"wp:featuredmedia":[{"embeddable":true,"href":"https:\/\/ermdigital.com\/index.php\/wp-json\/wp\/v2\/media\/24974"}],"wp:attachment":[{"href":"https:\/\/ermdigital.com\/index.php\/wp-json\/wp\/v2\/media?parent=24973"}],"wp:term":[{"taxonomy":"category","embeddable":true,"href":"https:\/\/ermdigital.com\/index.php\/wp-json\/wp\/v2\/categories?post=24973"},{"taxonomy":"post_tag","embeddable":true,"href":"https:\/\/ermdigital.com\/index.php\/wp-json\/wp\/v2\/tags?post=24973"}],"curies":[{"name":"wp","href":"https:\/\/api.w.org\/{rel}","templated":true}]}}