{"id":24971,"date":"2026-04-27T11:54:50","date_gmt":"2026-04-27T15:54:50","guid":{"rendered":"https:\/\/ermdigital.com\/index.php\/2026\/04\/27\/hans-lluveres-la-historia-del-exoficial-que-se-escapo-de-la-justicia-y-se-habria-suicidado-en-carcel\/"},"modified":"2026-04-27T11:54:50","modified_gmt":"2026-04-27T15:54:50","slug":"hans-lluveres-la-historia-del-exoficial-que-se-escapo-de-la-justicia-y-se-habria-suicidado-en-carcel","status":"publish","type":"post","link":"https:\/\/ermdigital.com\/index.php\/2026\/04\/27\/hans-lluveres-la-historia-del-exoficial-que-se-escapo-de-la-justicia-y-se-habria-suicidado-en-carcel\/","title":{"rendered":"Hans Lluveres: La historia del exoficial que se escap\u00f3 de la justicia y se habr\u00eda suicidado en c\u00e1rcel\u00a0"},"content":{"rendered":"<p>&lt;![CDATA[<\/p>\n<p>El martes 17 de marzo de 2015, la Direcci\u00f3n Nacional de Control de Drogas (DNCD), conjuntamente con el Ministerio  P\u00fablico, incaut\u00f3 en el <b>Aeropuerto Internacional de Las Am\u00e9ricas<\/b> nueve maletas que en su interior conten\u00edan 450 paquetes de coca\u00edna.<\/p>\n<p><a href=\"https:\/\/listindiario.com\/la-republica\/20260427\/hans-lluveres-historia-exoficial-escapo-justicia-habria-suicido-carcel_903407.html\">wf_cms.rss.read_more<\/a><\/p>\n<p>]]&gt;<\/p>\n<p>\u200bEl informe se\u00f1ala que el papel de Lluberes S\u00e1nchez era pagar a aquellos que facilitaron el tr\u00e1fico de la droga. Este hombre se encontraba en las afueras del aeropuerto y, al percatarse de la intervenci\u00f3n de la DNCD y los arrestos, huy\u00f3 del lugar.\u00a0\u00a0La Rep\u00fablica\u00a0<\/p>\n","protected":false},"excerpt":{"rendered":"<p>&lt;![CDATA[ El martes 17 de marzo de 2015, la Direcci\u00f3n Nacional de Control de Drogas (DNCD), conjuntamente con el Ministerio P\u00fablico, incaut\u00f3 en el Aeropuerto Internacional de Las Am\u00e9ricas nueve maletas que en su interior conten\u00edan 450 paquetes de coca\u00edna. wf_cms.rss.read_more ]]&gt; \u200bEl informe se\u00f1ala que el papel de Lluberes S\u00e1nchez era pagar a aquellos [&hellip;]<\/p>\n","protected":false},"author":1,"featured_media":24972,"comment_status":"open","ping_status":"open","sticky":false,"template":"","format":"standard","meta":{"amp_status":"","footnotes":""},"categories":[5],"tags":[],"class_list":["post-24971","post","type-post","status-publish","format-standard","has-post-thumbnail","hentry","category-politica"],"_links":{"self":[{"href":"https:\/\/ermdigital.com\/index.php\/wp-json\/wp\/v2\/posts\/24971","targetHints":{"allow":["GET"]}}],"collection":[{"href":"https:\/\/ermdigital.com\/index.php\/wp-json\/wp\/v2\/posts"}],"about":[{"href":"https:\/\/ermdigital.com\/index.php\/wp-json\/wp\/v2\/types\/post"}],"author":[{"embeddable":true,"href":"https:\/\/ermdigital.com\/index.php\/wp-json\/wp\/v2\/users\/1"}],"replies":[{"embeddable":true,"href":"https:\/\/ermdigital.com\/index.php\/wp-json\/wp\/v2\/comments?post=24971"}],"version-history":[{"count":0,"href":"https:\/\/ermdigital.com\/index.php\/wp-json\/wp\/v2\/posts\/24971\/revisions"}],"wp:featuredmedia":[{"embeddable":true,"href":"https:\/\/ermdigital.com\/index.php\/wp-json\/wp\/v2\/media\/24972"}],"wp:attachment":[{"href":"https:\/\/ermdigital.com\/index.php\/wp-json\/wp\/v2\/media?parent=24971"}],"wp:term":[{"taxonomy":"category","embeddable":true,"href":"https:\/\/ermdigital.com\/index.php\/wp-json\/wp\/v2\/categories?post=24971"},{"taxonomy":"post_tag","embeddable":true,"href":"https:\/\/ermdigital.com\/index.php\/wp-json\/wp\/v2\/tags?post=24971"}],"curies":[{"name":"wp","href":"https:\/\/api.w.org\/{rel}","templated":true}]}}