{"id":24969,"date":"2026-04-27T10:25:54","date_gmt":"2026-04-27T14:25:54","guid":{"rendered":"https:\/\/ermdigital.com\/index.php\/2026\/04\/27\/hombre-senalado-por-tiroteo-en-evento-de-trump-ira-a-tribunales\/"},"modified":"2026-04-27T10:25:54","modified_gmt":"2026-04-27T14:25:54","slug":"hombre-senalado-por-tiroteo-en-evento-de-trump-ira-a-tribunales","status":"publish","type":"post","link":"https:\/\/ermdigital.com\/index.php\/2026\/04\/27\/hombre-senalado-por-tiroteo-en-evento-de-trump-ira-a-tribunales\/","title":{"rendered":"Hombre se\u00f1alado por tiroteo en evento de Trump ir\u00e1 a tribunales"},"content":{"rendered":"<p><strong><em>Estados Unidos.- <\/em><\/strong>El sospechoso de irrumpir armado en una cena de gala a la que asist\u00eda el presidente de Estados Unidos, <a href=\"https:\/\/deultimominuto.net\/deportes\/beisbol\/alex-rodriguez-se-reune-con-donald-trump-en-la-casa-blanca\/\" data-type=\"post\" data-id=\"620671\">Donald Trump<\/a>, comparecer\u00e1 este lunes ante la justicia para responder por el ataque, considerado el m\u00e1s reciente episodio de violencia pol\u00edtica en un pa\u00eds marcado por la polarizaci\u00f3n.<\/p>\n<p>El imputado, identificado como Cole Allen, fue detenido tras protagonizar un tiroteo durante un evento celebrado la noche del s\u00e1bado en un hotel de Washington D. C., al que tambi\u00e9n asist\u00edan la primera dama y otros altos funcionarios del Gobierno.<\/p>\n<h3 class=\"wp-block-heading\"><strong>Leer m\u00e1s: <a href=\"https:\/\/deultimominuto.net\/internacionales\/trump-apunta-que-el-sospechoso-del-tiroteo-en-washington-actuo-por-motivos-anticristianos\/\" data-type=\"post\" data-id=\"646581\">Trump apunta que el sospechoso del tiroteo en Washington actu\u00f3 por motivos \u00abanticristianos\u00bb<\/a><\/strong><\/h3>\n<p>De acuerdo con funcionarios de la administraci\u00f3n, el hombre procedente de California habr\u00eda actuado con la intenci\u00f3n de asesinar al mandatario y a otros miembros de alto nivel presentes en la actividad, que inclu\u00eda la participaci\u00f3n de la prensa.<\/p>\n<p>Las autoridades se\u00f1alaron que este hecho podr\u00eda constituir el tercer intento de atentado contra la vida de Trump en los \u00faltimos dos a\u00f1os, lo que ha encendido las alarmas sobre la seguridad presidencial y el incremento de la violencia pol\u00edtica en el pa\u00eds.<\/p>\n<p>El caso ser\u00e1 conocido este lunes en una audiencia inicial, donde se espera que la fiscal\u00eda presente cargos formales mientras avanzan las investigaciones para esclarecer los motivos y posibles v\u00ednculos del ataque.<\/p>\n<p>\u200bEstados Unidos.- El sospechoso de irrumpir armado en una cena de gala a la que asist\u00eda el presidente de Estados Unidos, Donald Trump, comparecer\u00e1 este lunes ante la justicia para responder por el ataque, considerado el m\u00e1s reciente episodio de violencia pol\u00edtica en un pa\u00eds marcado por la polarizaci\u00f3n. El imputado, identificado como Cole Allen,\u00a0\u00a0Nacionales, Deultimominuto, Donald Trump, ElPeri\u00f3dicodelaVerdad, tiroteo, tribunales\u00a0\u00a0<\/p>\n","protected":false},"excerpt":{"rendered":"<p>Estados Unidos.- El sospechoso de irrumpir armado en una cena de gala a la que asist\u00eda el presidente de Estados Unidos, Donald Trump, comparecer\u00e1 este lunes ante la justicia para responder por el ataque, considerado el m\u00e1s reciente episodio de violencia pol\u00edtica en un pa\u00eds marcado por la polarizaci\u00f3n. El imputado, identificado como Cole Allen, [&hellip;]<\/p>\n","protected":false},"author":1,"featured_media":24970,"comment_status":"open","ping_status":"open","sticky":false,"template":"","format":"standard","meta":{"amp_status":"","footnotes":""},"categories":[3],"tags":[],"class_list":["post-24969","post","type-post","status-publish","format-standard","has-post-thumbnail","hentry","category-de-ultimo-minuto"],"_links":{"self":[{"href":"https:\/\/ermdigital.com\/index.php\/wp-json\/wp\/v2\/posts\/24969","targetHints":{"allow":["GET"]}}],"collection":[{"href":"https:\/\/ermdigital.com\/index.php\/wp-json\/wp\/v2\/posts"}],"about":[{"href":"https:\/\/ermdigital.com\/index.php\/wp-json\/wp\/v2\/types\/post"}],"author":[{"embeddable":true,"href":"https:\/\/ermdigital.com\/index.php\/wp-json\/wp\/v2\/users\/1"}],"replies":[{"embeddable":true,"href":"https:\/\/ermdigital.com\/index.php\/wp-json\/wp\/v2\/comments?post=24969"}],"version-history":[{"count":0,"href":"https:\/\/ermdigital.com\/index.php\/wp-json\/wp\/v2\/posts\/24969\/revisions"}],"wp:featuredmedia":[{"embeddable":true,"href":"https:\/\/ermdigital.com\/index.php\/wp-json\/wp\/v2\/media\/24970"}],"wp:attachment":[{"href":"https:\/\/ermdigital.com\/index.php\/wp-json\/wp\/v2\/media?parent=24969"}],"wp:term":[{"taxonomy":"category","embeddable":true,"href":"https:\/\/ermdigital.com\/index.php\/wp-json\/wp\/v2\/categories?post=24969"},{"taxonomy":"post_tag","embeddable":true,"href":"https:\/\/ermdigital.com\/index.php\/wp-json\/wp\/v2\/tags?post=24969"}],"curies":[{"name":"wp","href":"https:\/\/api.w.org\/{rel}","templated":true}]}}