{"id":24952,"date":"2026-04-27T11:21:07","date_gmt":"2026-04-27T15:21:07","guid":{"rendered":"https:\/\/ermdigital.com\/index.php\/2026\/04\/27\/accidente-de-transito-involucra-unidad-de-escolta-presidencial-en-carretera-maimon-puerto-plata\/"},"modified":"2026-04-27T11:21:07","modified_gmt":"2026-04-27T15:21:07","slug":"accidente-de-transito-involucra-unidad-de-escolta-presidencial-en-carretera-maimon-puerto-plata","status":"publish","type":"post","link":"https:\/\/ermdigital.com\/index.php\/2026\/04\/27\/accidente-de-transito-involucra-unidad-de-escolta-presidencial-en-carretera-maimon-puerto-plata\/","title":{"rendered":"Accidente de tr\u00e1nsito involucra unidad de escolta presidencial en carretera Maim\u00f3n\u2013Puerto Plata"},"content":{"rendered":"<p><strong>Puerto Plata, R.D.<\/strong> \u2013 Un accidente de tr\u00e1nsito ocurrido la ma\u00f1ana de este lunes en el tramo carretero Maim\u00f3n\u2013Puerto Plata involucr\u00f3 a una unidad de la escolta presidencial y un veh\u00edculo civil, dejando al menos tres personas con lesiones, seg\u00fan inform\u00f3 el Cuerpo de Seguridad Presidencial (CUSEP).<\/p>\n<p>De acuerdo con el comunicado oficial, el hecho se registr\u00f3 alrededor de las 8:56 de la ma\u00f1ana, mientras personal de la avanzada presidencial se dirig\u00eda hacia una actividad oficial en la provincia de Puerto Plata.<\/p>\n<p>En el incidente colisionaron dos veh\u00edculos: una unidad oficial asignada a la seguridad del mandatario y un autom\u00f3vil civil. Como consecuencia, dos miembros de la escolta presidencial y un ciudadano resultaron con traumas de diversa consideraci\u00f3n.<\/p>\n<p>Los heridos fueron asistidos de inmediato en el lugar y posteriormente trasladados a centros de salud cercanos, donde reciben atenci\u00f3n m\u00e9dica.<\/p>\n<p><strong><em>Te puede interesar: <a href=\"https:\/\/deultimominuto.net\/nacionales\/agente-del-cusep-es-ingresado\/\">Agente del CUSEP es ingresado en CEDIMAT tras recibir golpe en la cabeza<\/a><\/em><\/strong><\/p>\n<p>El CUSEP precis\u00f3 que el presidente de la Rep\u00fablica no formaba parte de la caravana al momento del accidente.<\/p>\n<p>Hasta el momento, no se han ofrecido mayores detalles sobre las circunstancias que provocaron el choque, mientras se espera un informe m\u00e1s amplio de las autoridades correspondientes.<\/p>\n<p>\u200bPuerto Plata, R.D. \u2013 Un accidente de tr\u00e1nsito ocurrido la ma\u00f1ana de este lunes en el tramo carretero Maim\u00f3n\u2013Puerto Plata involucr\u00f3 a una unidad de la escolta presidencial y un veh\u00edculo civil, dejando al menos tres personas con lesiones, seg\u00fan inform\u00f3 el Cuerpo de Seguridad Presidencial (CUSEP). De acuerdo con el comunicado oficial, el hecho\u00a0\u00a0Nacionales, Cusep, Deultimominuto, ElPeri\u00f3dicodelaVerdad, Rep\u00fablica Dominicana\u00a0\u00a0<\/p>\n","protected":false},"excerpt":{"rendered":"<p>Puerto Plata, R.D. \u2013 Un accidente de tr\u00e1nsito ocurrido la ma\u00f1ana de este lunes en el tramo carretero Maim\u00f3n\u2013Puerto Plata involucr\u00f3 a una unidad de la escolta presidencial y un veh\u00edculo civil, dejando al menos tres personas con lesiones, seg\u00fan inform\u00f3 el Cuerpo de Seguridad Presidencial (CUSEP). De acuerdo con el comunicado oficial, el hecho [&hellip;]<\/p>\n","protected":false},"author":1,"featured_media":24953,"comment_status":"open","ping_status":"open","sticky":false,"template":"","format":"standard","meta":{"amp_status":"","footnotes":""},"categories":[3],"tags":[],"class_list":["post-24952","post","type-post","status-publish","format-standard","has-post-thumbnail","hentry","category-de-ultimo-minuto"],"_links":{"self":[{"href":"https:\/\/ermdigital.com\/index.php\/wp-json\/wp\/v2\/posts\/24952","targetHints":{"allow":["GET"]}}],"collection":[{"href":"https:\/\/ermdigital.com\/index.php\/wp-json\/wp\/v2\/posts"}],"about":[{"href":"https:\/\/ermdigital.com\/index.php\/wp-json\/wp\/v2\/types\/post"}],"author":[{"embeddable":true,"href":"https:\/\/ermdigital.com\/index.php\/wp-json\/wp\/v2\/users\/1"}],"replies":[{"embeddable":true,"href":"https:\/\/ermdigital.com\/index.php\/wp-json\/wp\/v2\/comments?post=24952"}],"version-history":[{"count":0,"href":"https:\/\/ermdigital.com\/index.php\/wp-json\/wp\/v2\/posts\/24952\/revisions"}],"wp:featuredmedia":[{"embeddable":true,"href":"https:\/\/ermdigital.com\/index.php\/wp-json\/wp\/v2\/media\/24953"}],"wp:attachment":[{"href":"https:\/\/ermdigital.com\/index.php\/wp-json\/wp\/v2\/media?parent=24952"}],"wp:term":[{"taxonomy":"category","embeddable":true,"href":"https:\/\/ermdigital.com\/index.php\/wp-json\/wp\/v2\/categories?post=24952"},{"taxonomy":"post_tag","embeddable":true,"href":"https:\/\/ermdigital.com\/index.php\/wp-json\/wp\/v2\/tags?post=24952"}],"curies":[{"name":"wp","href":"https:\/\/api.w.org\/{rel}","templated":true}]}}