{"id":24946,"date":"2026-04-27T10:21:13","date_gmt":"2026-04-27T14:21:13","guid":{"rendered":"https:\/\/ermdigital.com\/index.php\/2026\/04\/27\/arrestan-indigente-que-lanzaba-piedras-en-las-americas-e-hirio-senora-de-79-anos\/"},"modified":"2026-04-27T10:21:13","modified_gmt":"2026-04-27T14:21:13","slug":"arrestan-indigente-que-lanzaba-piedras-en-las-americas-e-hirio-senora-de-79-anos","status":"publish","type":"post","link":"https:\/\/ermdigital.com\/index.php\/2026\/04\/27\/arrestan-indigente-que-lanzaba-piedras-en-las-americas-e-hirio-senora-de-79-anos\/","title":{"rendered":"Arrestan indigente que lanzaba piedras en Las Am\u00e9ricas e hiri\u00f3 se\u00f1ora de 79 a\u00f1os\u00a0"},"content":{"rendered":"<p>&lt;![CDATA[<\/p>\n<p>La Polic\u00eda Nacional inform\u00f3 que fue arrestado <b>Yoel Antonio Hurtado, alias \u201cChino\u201d, de 25 a\u00f1os<\/b>, un indigente acusado de lanzar piedras contra veh\u00edculos en marcha, agresiones perpetradas en la avenida Las Am\u00e9ricas, pr\u00f3ximo al \u00e1rea conocida como \u201cEl Cristo\u201d, en las inmediaciones del parque Los Tres Ojos.<\/p>\n<p><a href=\"https:\/\/listindiario.com\/la-republica\/20260427\/indigente-lanzaba-piedras-americas-e-hirio-senora-79-anos_903411.html\">wf_cms.rss.read_more<\/a><\/p>\n<p>]]&gt;<\/p>\n<p>\u200bSeg\u00fan informes preliminares, su \u00faltima v\u00edctima fue una mujer identificada como Mercedes Gil, de 79 a\u00f1os, quien recibi\u00f3 una pedrada mientras el veh\u00edculo que era conducido por su nieto se encontraba en movimiento.\u00a0\u00a0La Rep\u00fablica\u00a0<\/p>\n","protected":false},"excerpt":{"rendered":"<p>&lt;![CDATA[ La Polic\u00eda Nacional inform\u00f3 que fue arrestado Yoel Antonio Hurtado, alias \u201cChino\u201d, de 25 a\u00f1os, un indigente acusado de lanzar piedras contra veh\u00edculos en marcha, agresiones perpetradas en la avenida Las Am\u00e9ricas, pr\u00f3ximo al \u00e1rea conocida como \u201cEl Cristo\u201d, en las inmediaciones del parque Los Tres Ojos. wf_cms.rss.read_more ]]&gt; \u200bSeg\u00fan informes preliminares, su \u00faltima [&hellip;]<\/p>\n","protected":false},"author":1,"featured_media":24947,"comment_status":"open","ping_status":"open","sticky":false,"template":"","format":"standard","meta":{"amp_status":"","footnotes":""},"categories":[5],"tags":[],"class_list":["post-24946","post","type-post","status-publish","format-standard","has-post-thumbnail","hentry","category-politica"],"_links":{"self":[{"href":"https:\/\/ermdigital.com\/index.php\/wp-json\/wp\/v2\/posts\/24946","targetHints":{"allow":["GET"]}}],"collection":[{"href":"https:\/\/ermdigital.com\/index.php\/wp-json\/wp\/v2\/posts"}],"about":[{"href":"https:\/\/ermdigital.com\/index.php\/wp-json\/wp\/v2\/types\/post"}],"author":[{"embeddable":true,"href":"https:\/\/ermdigital.com\/index.php\/wp-json\/wp\/v2\/users\/1"}],"replies":[{"embeddable":true,"href":"https:\/\/ermdigital.com\/index.php\/wp-json\/wp\/v2\/comments?post=24946"}],"version-history":[{"count":0,"href":"https:\/\/ermdigital.com\/index.php\/wp-json\/wp\/v2\/posts\/24946\/revisions"}],"wp:featuredmedia":[{"embeddable":true,"href":"https:\/\/ermdigital.com\/index.php\/wp-json\/wp\/v2\/media\/24947"}],"wp:attachment":[{"href":"https:\/\/ermdigital.com\/index.php\/wp-json\/wp\/v2\/media?parent=24946"}],"wp:term":[{"taxonomy":"category","embeddable":true,"href":"https:\/\/ermdigital.com\/index.php\/wp-json\/wp\/v2\/categories?post=24946"},{"taxonomy":"post_tag","embeddable":true,"href":"https:\/\/ermdigital.com\/index.php\/wp-json\/wp\/v2\/tags?post=24946"}],"curies":[{"name":"wp","href":"https:\/\/api.w.org\/{rel}","templated":true}]}}