{"id":24940,"date":"2026-04-27T11:09:37","date_gmt":"2026-04-27T15:09:37","guid":{"rendered":"https:\/\/ermdigital.com\/index.php\/2026\/04\/27\/adompretur-exhorta-regular-el-caos-maritimo-en-franja-de-banistas-en-playa-de-bavaro\/"},"modified":"2026-04-27T11:09:37","modified_gmt":"2026-04-27T15:09:37","slug":"adompretur-exhorta-regular-el-caos-maritimo-en-franja-de-banistas-en-playa-de-bavaro","status":"publish","type":"post","link":"https:\/\/ermdigital.com\/index.php\/2026\/04\/27\/adompretur-exhorta-regular-el-caos-maritimo-en-franja-de-banistas-en-playa-de-bavaro\/","title":{"rendered":"Adompretur exhorta regular el caos mar\u00edtimo en franja de ba\u00f1istas en playa de B\u00e1varo"},"content":{"rendered":"<p><em>Sarah Hern\u00e1ndez, advierte sobre el creciente caos n\u00e1utico y los riesgos que esta situaci\u00f3n representa para la seguridad y la sostenibilidad del turismo en la zona.<\/em><\/p>\n<p>La presidenta de la Asociaci\u00f3n Dominicana de Prensa Tur\u00edstica (Adompretur), Sarah Hern\u00e1ndez, exhort\u00f3 a las autoridades a que regulen el tr\u00e1nsito mar\u00edtimo en la playa de B\u00e1varo donde dijo, se observa una acumulaci\u00f3n de embarcaciones en la franja de ba\u00f1istas, cada vez m\u00e1s visible.<\/p>\n<p>\u201cLo que vemos hoy en B\u00e1varo es un caos n\u00e1utico que pone en riesgo a los ba\u00f1istas y deteriora la imagen del destino\u201d, expres\u00f3, al advertir que esta situaci\u00f3n afecta negativamente el atractivo de la zona y compromete la seguridad de quienes acuden a disfrutar de sus aguas.<\/p>\n<p>Hern\u00e1ndez describi\u00f3 que en las costas conviven, sin orden claro, botes de excursi\u00f3n, lanchas r\u00e1pidas, motos acu\u00e1ticas y embarcaciones privadas. \u201cA esto se suman fiestas flotantes con m\u00fasica a alto volumen, consumo de alcohol y residuos que terminan en el mar. El resultado es una franja costera donde la l\u00ednea entre recreaci\u00f3n y peligro se vuelve cada vez m\u00e1s difusa\u201d.<\/p>\n<p>Advirti\u00f3 que las embarcaciones se aproximan peligrosamente a la orilla, en espacios que deber\u00edan estar reservados para los ba\u00f1istas. \u201cEstamos hablando de familias, de turistas que vienen buscando tranquilidad. No se puede normalizar este nivel de desorden\u201d.<\/p>\n<p>Dijo que hasta Adompretur han llegado informes inquietantes de que debajo del agua, el impacto es a\u00fan m\u00e1s delicado. El fondeo sin control sobre la barrera coralina est\u00e1 provocando da\u00f1os que, en muchos casos son irreversibles. Record\u00f3 que los arrecifes son fundamentales para la biodiversidad y la protecci\u00f3n de las playas, y est\u00e1n siendo afectados por el peso de anclas y el tr\u00e1nsito constante.<\/p>\n<p><img loading=\"lazy\" decoding=\"async\" class=\"alignnone size-medium wp-image-25756\" src=\"https:\/\/adompretur.com\/wp-content\/uploads\/2026\/04\/1.-Adompretur-exhorta-regular-caos-maritimo-en-franja-de-banistas-en-playa-de-Bavaro-300x225.jpeg\" alt=\"\" width=\"300\" height=\"225\"><\/p>\n<p><em>Adompretur exhorta regular caos mar\u00edtimo en franja de ba\u00f1istas en playa de B\u00e1varo. Fuente externa\u00a0<\/em><\/p>\n<p>\u201cA esto se suma la contaminaci\u00f3n. Manchas de combustible, ruido persistente y desechos s\u00f3lidos que est\u00e1n alterando el ecosistema y alejando al destino de los est\u00e1ndares internacionales de sostenibilidad. En un contexto donde el turista valora cada vez m\u00e1s el cuidado ambiental, el riesgo no es solo ecol\u00f3gico, tambi\u00e9n es econ\u00f3mico\u201d, expres\u00f3 la periodista y abogada.<\/p>\n<p>En ese orden, la presidenta de Adompretur hizo un llamado a las autoridades para actuar sin dilaciones. Plante\u00f3 que se atiendan las recomendaciones de expertos de establecer un plan de ordenamiento mar\u00edtimo que incluya zonificaci\u00f3n clara, instalaci\u00f3n de boyas de seguridad, l\u00edmites estrictos para embarcaciones a motor y sanciones efectivas para quienes incumplan.<\/p>\n<p><img loading=\"lazy\" decoding=\"async\" class=\"alignnone size-medium wp-image-25757\" src=\"https:\/\/adompretur.com\/wp-content\/uploads\/2026\/04\/2.-La-playa-de-Bavaro-es-una-de-las-mas-visitadas-en-RD-300x225.jpeg\" alt=\"\" width=\"300\" height=\"225\"><\/p>\n<p><em>La playa de B\u00e1varo es una de las m\u00e1s visitadas en RD. Fuente externa\u00a0<\/em><\/p>\n<p>El mensaje tambi\u00e9n va dirigido a los operadores tur\u00edsticos. La b\u00fasqueda de beneficios r\u00e1pidos, advierte Hern\u00e1ndez, no puede estar por encima de la seguridad ni de la sostenibilidad del destino. \u201cLa competitividad no se sostiene solo con infraestructura. Se sostiene con orden, con reglas claras y con respeto al entorno\u201d.<\/p>\n<p>Hern\u00e1ndez insisti\u00f3 que Adompretur est\u00e1 dispuesta a colaborar en la b\u00fasqueda de soluciones. Sin embargo, insiste en que el liderazgo debe venir de las instituciones responsables.<\/p>\n<p>La entrada <a href=\"https:\/\/adompretur.com\/2026\/04\/27\/adompretur-exhorta-regular-el-caos-maritimo-en-franja-de-banistas-en-playa-de-bavaro\/\">Adompretur exhorta regular el caos mar\u00edtimo en franja de ba\u00f1istas en playa de B\u00e1varo<\/a> se public\u00f3 primero en <a href=\"https:\/\/adompretur.com\/\">ADOMPRETUR<\/a>.<\/p>\n<p>\u200bSarah Hern\u00e1ndez, advierte sobre el creciente caos n\u00e1utico y los riesgos que esta situaci\u00f3n representa para la seguridad y la sostenibilidad del turismo en la zona. La presidenta de la Asociaci\u00f3n Dominicana de Prensa Tur\u00edstica (Adompretur), Sarah Hern\u00e1ndez, exhort\u00f3 a las autoridades a que regulen el tr\u00e1nsito mar\u00edtimo en la playa de B\u00e1varo donde dijo,<br \/>\nLa entrada Adompretur exhorta regular el caos mar\u00edtimo en franja de ba\u00f1istas en playa de B\u00e1varo se public\u00f3 primero en ADOMPRETUR.\u00a0\u00a0ADOMPRETUR, Destinos, RD\u00a0<\/p>\n","protected":false},"excerpt":{"rendered":"<p>Sarah Hern\u00e1ndez, advierte sobre el creciente caos n\u00e1utico y los riesgos que esta situaci\u00f3n representa para la seguridad y la sostenibilidad del turismo en la zona. La presidenta de la Asociaci\u00f3n Dominicana de Prensa Tur\u00edstica (Adompretur), Sarah Hern\u00e1ndez, exhort\u00f3 a las autoridades a que regulen el tr\u00e1nsito mar\u00edtimo en la playa de B\u00e1varo donde dijo, [&hellip;]<\/p>\n","protected":false},"author":1,"featured_media":24941,"comment_status":"open","ping_status":"open","sticky":false,"template":"","format":"standard","meta":{"amp_status":"","footnotes":""},"categories":[24],"tags":[],"class_list":["post-24940","post","type-post","status-publish","format-standard","has-post-thumbnail","hentry","category-turismo"],"_links":{"self":[{"href":"https:\/\/ermdigital.com\/index.php\/wp-json\/wp\/v2\/posts\/24940","targetHints":{"allow":["GET"]}}],"collection":[{"href":"https:\/\/ermdigital.com\/index.php\/wp-json\/wp\/v2\/posts"}],"about":[{"href":"https:\/\/ermdigital.com\/index.php\/wp-json\/wp\/v2\/types\/post"}],"author":[{"embeddable":true,"href":"https:\/\/ermdigital.com\/index.php\/wp-json\/wp\/v2\/users\/1"}],"replies":[{"embeddable":true,"href":"https:\/\/ermdigital.com\/index.php\/wp-json\/wp\/v2\/comments?post=24940"}],"version-history":[{"count":0,"href":"https:\/\/ermdigital.com\/index.php\/wp-json\/wp\/v2\/posts\/24940\/revisions"}],"wp:featuredmedia":[{"embeddable":true,"href":"https:\/\/ermdigital.com\/index.php\/wp-json\/wp\/v2\/media\/24941"}],"wp:attachment":[{"href":"https:\/\/ermdigital.com\/index.php\/wp-json\/wp\/v2\/media?parent=24940"}],"wp:term":[{"taxonomy":"category","embeddable":true,"href":"https:\/\/ermdigital.com\/index.php\/wp-json\/wp\/v2\/categories?post=24940"},{"taxonomy":"post_tag","embeddable":true,"href":"https:\/\/ermdigital.com\/index.php\/wp-json\/wp\/v2\/tags?post=24940"}],"curies":[{"name":"wp","href":"https:\/\/api.w.org\/{rel}","templated":true}]}}