{"id":24936,"date":"2026-04-27T09:48:08","date_gmt":"2026-04-27T13:48:08","guid":{"rendered":"https:\/\/ermdigital.com\/index.php\/2026\/04\/27\/trump-apunta-que-el-sospechoso-del-tiroteo-en-washington-actuo-por-motivos-anticristianos\/"},"modified":"2026-04-27T09:48:08","modified_gmt":"2026-04-27T13:48:08","slug":"trump-apunta-que-el-sospechoso-del-tiroteo-en-washington-actuo-por-motivos-anticristianos","status":"publish","type":"post","link":"https:\/\/ermdigital.com\/index.php\/2026\/04\/27\/trump-apunta-que-el-sospechoso-del-tiroteo-en-washington-actuo-por-motivos-anticristianos\/","title":{"rendered":"Trump apunta que el sospechoso del tiroteo en Washington actu\u00f3 por motivos \u00abanticristianos\u00bb"},"content":{"rendered":"<p><strong><em>Nueva York.- <\/em><\/strong>El presidente de Estados Unidos, <a href=\"https:\/\/deultimominuto.net\/deportes\/beisbol\/alex-rodriguez-se-reune-con-donald-trump-en-la-casa-blanca\/\" data-type=\"post\" data-id=\"620671\">Donald Trump,<\/a> afirm\u00f3 este domingo que el sospechoso del tiroteo ocurrido anoche en la Cena de Corresponsales de la Casa Blanca actu\u00f3 movido por un \u00abodio\u00bb profundo hacia los cristianos, bas\u00e1ndose en un\u00a0manifiesto\u00a0y en informaci\u00f3n recabada por las autoridades tras el incidente.<\/p>\n<p>En una entrevista telef\u00f3nica con la cadena Fox News, Trump describi\u00f3 al atacante como un \u00abtipo muy problem\u00e1tico\u00bb cuyos motivos, seg\u00fan el mandatario, ten\u00edan un trasfondo religioso radical.<\/p>\n<h3 class=\"wp-block-heading\"><strong>Leer m\u00e1s: <a href=\"https:\/\/deultimominuto.net\/internacionales\/donal-trump-2\/\" data-type=\"post\" data-id=\"645301\">Espa\u00f1a responde a Donald Trump: OTAN no permite suspensiones<\/a><\/strong><\/h3>\n<p>\u00abCuando lees su manifiesto, odia a los cristianos. Eso es seguro. Es un odio fuerte, anticristiano\u00bb, se\u00f1al\u00f3 el presidente, quien fue evacuado por el Servicio Secreto el s\u00e1bado por la noche\u00a0tras escucharse disparos en el hotel Washington Hilton, fuera de la sala donde se celebraba la cena.<\/p>\n<p>Trump asegur\u00f3 que la propia familia del atacante estaba al tanto de sus dificultades y tendencias violentas: \u00abSu familia sab\u00eda que ten\u00eda dificultades. Tal vez deber\u00edan haberlo denunciado con un poco m\u00e1s de firmeza. Probablemente es algo dif\u00edcil de hacer, supongo, pero es una situaci\u00f3n muy, muy mala\u00bb.<\/p>\n<h3 class=\"wp-block-heading\"><strong><em>Todo apunta a que quer\u00eda atentar contra Trump<\/em><\/strong><\/h3>\n<p>El fiscal general interino, Todd Blanche, en declaraciones a la cadena NBC confirm\u00f3 que el sospechoso probablemente ten\u00eda como objetivo principal al propio Trump y a otros altos cargos del Gobierno.<\/p>\n<p>El sospechosos, un joven de 31 a\u00f1os llamado Cole Tomas Allen, viaj\u00f3 en tren desde Los \u00c1ngeles hasta Washington D.C., con escala en Chicago, y se aloj\u00f3 en el hotel del evento uno o dos d\u00edas antes del ataque.<\/p>\n<p>Aunque Trump hizo \u00e9nfasis en el car\u00e1cter \u00abanticristiano\u00bb del sospechoso, Blanche se mostr\u00f3 m\u00e1s cauteloso, indicando que, si bien el an\u00e1lisis de los dispositivos electr\u00f3nicos apunta a un ataque dirigido contra la Administraci\u00f3n, la investigaci\u00f3n apenas cumple sus primeras 24 horas y el motivo oficial sigue bajo an\u00e1lisis.<\/p>\n<p>El sospechoso, que no result\u00f3 herido y se encuentra bajo custodia hospitalaria para una evaluaci\u00f3n, no est\u00e1 colaborando con las autoridades.<\/p>\n<p>El incidente oblig\u00f3 a interrumpir la tradicional cena de gala, donde el Servicio Secreto activ\u00f3 los protocolos de emergencia para poner a salvo a Trump, a la primera dama, Melania, y al resto del gabinete presente en el sal\u00f3n.<\/p>\n<p>Trump dice que \u00abno estaba preocupado\u00bb<br \/>M\u00e1s tarde, en otra entrevista con el programa \u201960 minutos\u2019 de la cadena CBS, el mandatario dijo que \u00abno estaba preocupado\u00bb cuando se enter\u00f3 del tiroteo.<\/p>\n<p>\u00abNo estaba preocupado. Entiendo la vida. Vivimos en un mundo loco\u00bb, asegur\u00f3.<\/p>\n<p>Trump coment\u00f3 la reacci\u00f3n de la primera dama, Melania Trump, que se encontraba junto a \u00e9l en la mesa presidencial del evento cuando se escucharon los disparos.<\/p>\n<p>\u00abA la gente no le gusta que se diga que estaban asustados, pero ciertamente, \u00bfqui\u00e9n no lo estar\u00eda cuando tienes una situaci\u00f3n as\u00ed? En ese momento, creo que ella se dio cuenta de antemano de que eso era m\u00e1s una bala que una bandeja\u00bb, explic\u00f3 Trump, que dijo que al principio pens\u00f3 que el revuelo se deb\u00eda a que se hab\u00eda ca\u00eddo una bandeja.<\/p>\n<p>\u200bNueva York.- El presidente de Estados Unidos, Donald Trump, afirm\u00f3 este domingo que el sospechoso del tiroteo ocurrido anoche en la Cena de Corresponsales de la Casa Blanca actu\u00f3 movido por un \u00abodio\u00bb profundo hacia los cristianos, bas\u00e1ndose en un\u00a0manifiesto\u00a0y en informaci\u00f3n recabada por las autoridades tras el incidente. En una entrevista telef\u00f3nica con la\u00a0\u00a0Internacionales, Ataque, Autoridades, Corresponsales, Donald Trum, EEUU, Presidente\u00a0\u00a0<\/p>\n","protected":false},"excerpt":{"rendered":"<p>Nueva York.- El presidente de Estados Unidos, Donald Trump, afirm\u00f3 este domingo que el sospechoso del tiroteo ocurrido anoche en la Cena de Corresponsales de la Casa Blanca actu\u00f3 movido por un \u00abodio\u00bb profundo hacia los cristianos, bas\u00e1ndose en un\u00a0manifiesto\u00a0y en informaci\u00f3n recabada por las autoridades tras el incidente. En una entrevista telef\u00f3nica con la [&hellip;]<\/p>\n","protected":false},"author":1,"featured_media":24937,"comment_status":"open","ping_status":"open","sticky":false,"template":"","format":"standard","meta":{"amp_status":"","footnotes":""},"categories":[3],"tags":[],"class_list":["post-24936","post","type-post","status-publish","format-standard","has-post-thumbnail","hentry","category-de-ultimo-minuto"],"_links":{"self":[{"href":"https:\/\/ermdigital.com\/index.php\/wp-json\/wp\/v2\/posts\/24936","targetHints":{"allow":["GET"]}}],"collection":[{"href":"https:\/\/ermdigital.com\/index.php\/wp-json\/wp\/v2\/posts"}],"about":[{"href":"https:\/\/ermdigital.com\/index.php\/wp-json\/wp\/v2\/types\/post"}],"author":[{"embeddable":true,"href":"https:\/\/ermdigital.com\/index.php\/wp-json\/wp\/v2\/users\/1"}],"replies":[{"embeddable":true,"href":"https:\/\/ermdigital.com\/index.php\/wp-json\/wp\/v2\/comments?post=24936"}],"version-history":[{"count":0,"href":"https:\/\/ermdigital.com\/index.php\/wp-json\/wp\/v2\/posts\/24936\/revisions"}],"wp:featuredmedia":[{"embeddable":true,"href":"https:\/\/ermdigital.com\/index.php\/wp-json\/wp\/v2\/media\/24937"}],"wp:attachment":[{"href":"https:\/\/ermdigital.com\/index.php\/wp-json\/wp\/v2\/media?parent=24936"}],"wp:term":[{"taxonomy":"category","embeddable":true,"href":"https:\/\/ermdigital.com\/index.php\/wp-json\/wp\/v2\/categories?post=24936"},{"taxonomy":"post_tag","embeddable":true,"href":"https:\/\/ermdigital.com\/index.php\/wp-json\/wp\/v2\/tags?post=24936"}],"curies":[{"name":"wp","href":"https:\/\/api.w.org\/{rel}","templated":true}]}}