{"id":24932,"date":"2026-04-27T10:01:51","date_gmt":"2026-04-27T14:01:51","guid":{"rendered":"https:\/\/ermdigital.com\/index.php\/2026\/04\/27\/agentes-de-investigacion-recuperan-motocicletas-sustraidas-en-sabana-perdida-sdn\/"},"modified":"2026-04-27T10:01:51","modified_gmt":"2026-04-27T14:01:51","slug":"agentes-de-investigacion-recuperan-motocicletas-sustraidas-en-sabana-perdida-sdn","status":"publish","type":"post","link":"https:\/\/ermdigital.com\/index.php\/2026\/04\/27\/agentes-de-investigacion-recuperan-motocicletas-sustraidas-en-sabana-perdida-sdn\/","title":{"rendered":"Agentes de investigaci\u00f3n recuperan motocicletas sustra\u00eddas en Sabana Perdida, SDN"},"content":{"rendered":"<p><strong>Santo Domingo Norte.\u2014 <\/strong><a href=\"https:\/\/www.policianacional.gob.do\/\" target=\"_blank\" rel=\"noopener\">Agentes <\/a>del Departamento de Investigaciones de Los Guaricanos recuperaron dos motocicletas reportadas como robadas y detuvieron a un hombre se\u00f1alado como presunto responsable de uno de los hechos, ocurrido en el sector Sabana Perdida.<\/p>\n<p>El detenido fue identificado como <strong><em>Yanelson Jos\u00e9 Fabi\u00e1n, alias \u201cYanelki\u201d, de 20 a\u00f1os, <\/em><\/strong>quien fue capturado en flagrante delito durante un operativo realizado en la avenida Charles de Gaulle, pr\u00f3ximo al hospital Ney Arias Lora.<\/p>\n<h3 class=\"wp-block-heading\"><strong>Leer m\u00e1s:<a href=\"https:\/\/deultimominuto.net\/internacionales\/arrestan-a-miembros-de-la-fuerza\/\" data-type=\"post\" data-id=\"546229\"> <\/a><a href=\"https:\/\/deultimominuto.net\/nacionales\/investigan-muerte-joven-prospecto\/\" data-type=\"post\" data-id=\"609866\">Investigan muerte de joven prospecto de b\u00e9isbol en laguna de Guanuma, en SDN<\/a><\/strong><\/h3>\n<p>De acuerdo con el informe preliminar, el joven se desplazaba en una motocicleta marca Haojue, color negro y sin placa, la cual figuraba en los registros como sustra\u00edda. Posteriormente, los agentes se trasladaron a la calle Amin Abel, donde recuperaron una segunda motocicleta, marca Platina, tambi\u00e9n de color negro.<\/p>\n<p>Las autoridades indicaron que Fabi\u00e1n era buscado activamente por su presunta vinculaci\u00f3n con otros hechos delictivos en la zona. El caso del robo que se le atribuye fue captado en video y difundido a trav\u00e9s de redes sociales.<\/p>\n<p>El detenido ser\u00e1 puesto a disposici\u00f3n del Ministerio P\u00fablico para los fines legales correspondientes.<\/p>\n<p>\u200bSanto Domingo Norte.\u2014 Agentes del Departamento de Investigaciones de Los Guaricanos recuperaron dos motocicletas reportadas como robadas y detuvieron a un hombre se\u00f1alado como presunto responsable de uno de los hechos, ocurrido en el sector Sabana Perdida. El detenido fue identificado como Yanelson Jos\u00e9 Fabi\u00e1n, alias \u201cYanelki\u201d, de 20 a\u00f1os, quien fue capturado en flagrante\u00a0\u00a0Nacionales, agentes, Asalto, Deultimominuto, ElPeri\u00f3dicodelaVerdad, motocicletas, Rep\u00fablica Dominicana, Sabana Perdida, SDN\u00a0\u00a0<\/p>\n","protected":false},"excerpt":{"rendered":"<p>Santo Domingo Norte.\u2014 Agentes del Departamento de Investigaciones de Los Guaricanos recuperaron dos motocicletas reportadas como robadas y detuvieron a un hombre se\u00f1alado como presunto responsable de uno de los hechos, ocurrido en el sector Sabana Perdida. El detenido fue identificado como Yanelson Jos\u00e9 Fabi\u00e1n, alias \u201cYanelki\u201d, de 20 a\u00f1os, quien fue capturado en flagrante [&hellip;]<\/p>\n","protected":false},"author":1,"featured_media":24933,"comment_status":"open","ping_status":"open","sticky":false,"template":"","format":"standard","meta":{"amp_status":"","footnotes":""},"categories":[3],"tags":[],"class_list":["post-24932","post","type-post","status-publish","format-standard","has-post-thumbnail","hentry","category-de-ultimo-minuto"],"_links":{"self":[{"href":"https:\/\/ermdigital.com\/index.php\/wp-json\/wp\/v2\/posts\/24932","targetHints":{"allow":["GET"]}}],"collection":[{"href":"https:\/\/ermdigital.com\/index.php\/wp-json\/wp\/v2\/posts"}],"about":[{"href":"https:\/\/ermdigital.com\/index.php\/wp-json\/wp\/v2\/types\/post"}],"author":[{"embeddable":true,"href":"https:\/\/ermdigital.com\/index.php\/wp-json\/wp\/v2\/users\/1"}],"replies":[{"embeddable":true,"href":"https:\/\/ermdigital.com\/index.php\/wp-json\/wp\/v2\/comments?post=24932"}],"version-history":[{"count":0,"href":"https:\/\/ermdigital.com\/index.php\/wp-json\/wp\/v2\/posts\/24932\/revisions"}],"wp:featuredmedia":[{"embeddable":true,"href":"https:\/\/ermdigital.com\/index.php\/wp-json\/wp\/v2\/media\/24933"}],"wp:attachment":[{"href":"https:\/\/ermdigital.com\/index.php\/wp-json\/wp\/v2\/media?parent=24932"}],"wp:term":[{"taxonomy":"category","embeddable":true,"href":"https:\/\/ermdigital.com\/index.php\/wp-json\/wp\/v2\/categories?post=24932"},{"taxonomy":"post_tag","embeddable":true,"href":"https:\/\/ermdigital.com\/index.php\/wp-json\/wp\/v2\/tags?post=24932"}],"curies":[{"name":"wp","href":"https:\/\/api.w.org\/{rel}","templated":true}]}}