{"id":24924,"date":"2026-04-27T09:27:26","date_gmt":"2026-04-27T13:27:26","guid":{"rendered":"https:\/\/ermdigital.com\/index.php\/2026\/04\/27\/mas-de-10000-estudiantes-viven-experiencia-del-simulador-de-vuelo-en-la-feria-regional-del-libro-y-la-cultura-del-cibao-2026\/"},"modified":"2026-04-27T09:27:26","modified_gmt":"2026-04-27T13:27:26","slug":"mas-de-10000-estudiantes-viven-experiencia-del-simulador-de-vuelo-en-la-feria-regional-del-libro-y-la-cultura-del-cibao-2026","status":"publish","type":"post","link":"https:\/\/ermdigital.com\/index.php\/2026\/04\/27\/mas-de-10000-estudiantes-viven-experiencia-del-simulador-de-vuelo-en-la-feria-regional-del-libro-y-la-cultura-del-cibao-2026\/","title":{"rendered":"M\u00e1s de 10,000 estudiantes viven experiencia del simulador de vuelo en la Feria Regional del Libro y la Cultura del Cibao 2026\u00a0"},"content":{"rendered":"<p><span class=\"field field--name-title field--type-string field--label-hidden\">M\u00e1s de 10,000 estudiantes viven experiencia del simulador de vuelo en la Feria Regional del Libro y la Cultura del Cibao 2026\u00a0 <\/span><br \/>\n<span class=\"field field--name-uid field--type-entity-reference field--label-hidden\"><span>rosahenriquez<\/span><\/span><br \/>\n<span class=\"field field--name-created field--type-created field--label-hidden\"><time datetime=\"2026-04-27T09:27:26-04:00\" title=\"Lunes, Abril 27, 2026 - 09:27\" class=\"datetime\">27 de  Abril 2026 | 09:27<\/time><br \/>\n<\/span><\/p>\n<div class=\"clearfix text-formatted field field--name-body field--type-text-with-summary field--label-hidden field__item\">\n<div class=\"OutlineElement Ltr SCXW14430451 BCX0\">\n<p class=\"text-align-justify\"><span class=\"TextRun SCXW14430451 BCX0 NormalTextRun\" lang=\"ES-DO\">Santiago de los <\/span><span class=\"TextRun SCXW14430451 BCX0 NormalTextRun ContextualSpellingAndGrammarErrorV2Themed\" lang=\"ES-DO\">Caballeros.-<\/span><span class=\"TextRun SCXW14430451 BCX0 NormalTextRun\" lang=\"ES-DO\"> <strong>M\u00e1s de 10,000 estudiantes<\/strong> se dieron cita en el <\/span><em><span class=\"TextRun SCXW14430451 BCX0 NormalTextRun\" lang=\"ES-DO\">stand<\/span><\/em><span class=\"TextRun SCXW14430451 BCX0 NormalTextRun\" lang=\"ES-DO\"> del <strong>Instituto Dominicano de Aviaci\u00f3n Civil<\/strong> (IDAC) para vivir la experiencia del simulador de vuelo de la <strong>Academia Superior de Ciencias Aeron\u00e1uticas<\/strong> (ASCA), donde un importante n\u00famero de participantes mostr\u00f3 inter\u00e9s en conocer m\u00e1s sobre el <strong>sector aeron\u00e1utico<\/strong> y formar parte de la aviaci\u00f3n en el futuro.\u00a0<\/span><span class=\"EOP SCXW14430451 BCX0\">\u00a0<\/span><\/p>\n<\/div>\n<div class=\"OutlineElement Ltr SCXW14430451 BCX0\">\n<p class=\"text-align-justify\"><span class=\"TextRun SCXW14430451 BCX0 NormalTextRun\" lang=\"ES-DO\">Durante siete d\u00edas de celebraci\u00f3n de la <strong>Feria Regional del Libro y la Cultura del Cibao 2026<\/strong>, realizada en los jardines del <strong>Gran Teatro del Cibao<\/strong>, los visitantes pudieron disfrutar de una experiencia \u00fanica que integr\u00f3 <strong>educaci\u00f3n, tecnolog\u00eda y cultura<\/strong>, despertando el inter\u00e9s de ni\u00f1os y j\u00f3venes por el mundo de la aviaci\u00f3n.\u00a0<\/span><span class=\"EOP SCXW14430451 BCX0\">\u00a0<\/span><\/p>\n<\/div>\n<div class=\"OutlineElement Ltr SCXW14430451 BCX0\">\n<p class=\"text-align-justify\"><span class=\"TextRun SCXW14430451 BCX0 NormalTextRun\" lang=\"ES-DO\">El <\/span><em><span class=\"TextRun SCXW14430451 BCX0 NormalTextRun\" lang=\"ES-DO\">stand<\/span><\/em><span class=\"TextRun SCXW14430451 BCX0 NormalTextRun\" lang=\"ES-DO\"> del IDAC fue visitado por la <strong>vicepresidenta de la Rep\u00fablica, Raquel Pe\u00f1a<\/strong>, el ministro de Cultura, <strong>Roberto \u00c1ngel Salcedo<\/strong>, y otras autoridades del sector p\u00fablico y privado, quienes fueron recibidos por el director general del IDAC, <strong>Igor Rodr\u00edguez Dur\u00e1n.\u00a0<\/strong><\/span><span class=\"EOP SCXW14430451 BCX0\"> <img decoding=\"async\" src=\"https:\/\/www.presidencia.gob.do\/sites\/default\/files\/inline-images\/Dise%C3%B1o%20sin%20t%C3%ADtulo%20%2812%29.png\" data-entity-uuid=\"17c351f5-6009-4fef-a4f8-2ab801616c73\" data-entity-type=\"file\" width=\"1300\" height=\"730\" loading=\"lazy\"><\/span><\/p>\n<\/div>\n<div class=\"OutlineElement Ltr SCXW14430451 BCX0\">\n<p class=\"text-align-justify\"><span class=\"TextRun SCXW14430451 BCX0 NormalTextRun\" lang=\"ES-DO\">Rodr\u00edguez destac\u00f3 que la participaci\u00f3n en esta actividad tiene como <strong>objetivo acercar la aviaci\u00f3n a la poblaci\u00f3n,<\/strong> motivar a las nuevas generaciones a no ver sus sue\u00f1os como reto inalcanzable y <strong>mostrarles las oportunidades<\/strong> que ofrece un sector que cada d\u00eda incrementa su demanda de talento humano.\u00a0<\/span><span class=\"EOP SCXW14430451 BCX0\">\u00a0<\/span><\/p>\n<\/div>\n<div class=\"OutlineElement Ltr SCXW14430451 BCX0\">\n<p class=\"text-align-justify\"><span class=\"TextRun SCXW14430451 BCX0 NormalTextRun\" lang=\"ES-DO\">El funcionario, quien es piloto aviador, dijo que el sector de la aviaci\u00f3n ofrece <strong>m\u00faltiples oportunidades de trabajo<\/strong> que abarcan desde la <strong>operaci\u00f3n y seguridad a\u00e9rea<\/strong> hasta la gesti\u00f3n administrativa y tecnol\u00f3gica.\u00a0<\/span><span class=\"EOP SCXW14430451 BCX0\">\u00a0<\/span><\/p>\n<\/div>\n<div class=\"OutlineElement Ltr SCXW14430451 BCX0\">\n<p class=\"text-align-justify\"><span class=\"TextRun SCXW14430451 BCX0 NormalTextRun\" lang=\"ES-DO\">Entre las principales \u00e1reas se encuentran la de piloto de <strong>aviaci\u00f3n, control de tr\u00e1nsito a\u00e9reo, mantenimiento, sobrecargos<\/strong>; estas oportunidades permiten que j\u00f3venes y profesionales encuentren en la aviaci\u00f3n una carrera din\u00e1mica, con alto nivel de <strong>especializaci\u00f3n y gran impacto<\/strong> en el desarrollo econ\u00f3mico.<\/span><span class=\"EOP SCXW14430451 BCX0\">\u00a0<\/span><\/p>\n<\/div>\n<p><img decoding=\"async\" src=\"https:\/\/www.presidencia.gob.do\/sites\/default\/files\/inline-images\/Dise%C3%B1o%20sin%20t%C3%ADtulo%20%2814%29.png\" data-entity-uuid=\"8f68f08c-58b1-4a8d-a565-eca976e5ff17\" data-entity-type=\"file\" width=\"1300\" height=\"730\" loading=\"lazy\"><\/p>\n<\/div>\n<div class=\"field field--name-field-image field--type-image field--label-hidden field__item\">  <img decoding=\"async\" loading=\"lazy\" src=\"https:\/\/www.presidencia.gob.do\/sites\/default\/files\/news\/2026-04\/Dise%C3%B1o%20sin%20t%C3%ADtulo%20%2813%29.png\" width=\"1300\" height=\"730\" alt=\"Simulador\"><\/p>\n<\/div>\n<p>\u00a0M\u00e1s de 10,000 estudiantes viven experiencia del simulador de vuelo en la Feria Regional del Libro y la Cultura del Cibao 2026\u00a0<br \/>\nrosahenriquez<br \/>\n27 de  Abril 2026 | 09:27<\/p>\n<p>Santiago de los Caballeros.- M\u00e1s de 10,000 estudiantes se dieron cita en el stand del Instituto Dominicano de Aviaci\u00f3n Civil (IDAC) para vivir la experiencia del simulador de vuelo de la Academia Superior de Ciencias Aeron\u00e1uticas (ASCA), donde un importante n\u00famero de participantes mostr\u00f3 inter\u00e9s en conocer m\u00e1s sobre el sector aeron\u00e1utico y formar parte de la aviaci\u00f3n en el futuro.\u00a0\u00a0<\/p>\n<p>Durante siete d\u00edas de celebraci\u00f3n de la Feria Regional del Libro y la Cultura del Cibao 2026, realizada en los jardines del Gran Teatro del Cibao, los visitantes pudieron disfrutar de una experiencia \u00fanica que integr\u00f3 educaci\u00f3n, tecnolog\u00eda y cultura, despertando el inter\u00e9s de ni\u00f1os y j\u00f3venes por el mundo de la aviaci\u00f3n.\u00a0\u00a0<\/p>\n<p>El stand del IDAC fue visitado por la vicepresidenta de la Rep\u00fablica, Raquel Pe\u00f1a, el ministro de Cultura, Roberto \u00c1ngel Salcedo, y otras autoridades del sector p\u00fablico y privado, quienes fueron recibidos por el director general del IDAC, Igor Rodr\u00edguez Dur\u00e1n.\u00a0 <\/p>\n<p>Rodr\u00edguez destac\u00f3 que la participaci\u00f3n en esta actividad tiene como objetivo acercar la aviaci\u00f3n a la poblaci\u00f3n, motivar a las nuevas generaciones a no ver sus sue\u00f1os como reto inalcanzable y mostrarles las oportunidades que ofrece un sector que cada d\u00eda incrementa su demanda de talento humano.\u00a0\u00a0<\/p>\n<p>El funcionario, quien es piloto aviador, dijo que el sector de la aviaci\u00f3n ofrece m\u00faltiples oportunidades de trabajo que abarcan desde la operaci\u00f3n y seguridad a\u00e9rea hasta la gesti\u00f3n administrativa y tecnol\u00f3gica.\u00a0\u00a0<\/p>\n<p>Entre las principales \u00e1reas se encuentran la de piloto de aviaci\u00f3n, control de tr\u00e1nsito a\u00e9reo, mantenimiento, sobrecargos; estas oportunidades permiten que j\u00f3venes y profesionales encuentren en la aviaci\u00f3n una carrera din\u00e1mica, con alto nivel de especializaci\u00f3n y gran impacto en el desarrollo econ\u00f3mico.\u00a0\u00a0\u00a0\u00a0<\/p>\n","protected":false},"excerpt":{"rendered":"<p>M\u00e1s de 10,000 estudiantes viven experiencia del simulador de vuelo en la Feria Regional del Libro y la Cultura del Cibao 2026\u00a0 rosahenriquez 27 de Abril 2026 | 09:27 Santiago de los Caballeros.- M\u00e1s de 10,000 estudiantes se dieron cita en el stand del Instituto Dominicano de Aviaci\u00f3n Civil (IDAC) para vivir la experiencia del [&hellip;]<\/p>\n","protected":false},"author":1,"featured_media":24925,"comment_status":"open","ping_status":"open","sticky":false,"template":"","format":"standard","meta":{"amp_status":"","footnotes":""},"categories":[8],"tags":[],"class_list":["post-24924","post","type-post","status-publish","format-standard","has-post-thumbnail","hentry","category-republica"],"_links":{"self":[{"href":"https:\/\/ermdigital.com\/index.php\/wp-json\/wp\/v2\/posts\/24924","targetHints":{"allow":["GET"]}}],"collection":[{"href":"https:\/\/ermdigital.com\/index.php\/wp-json\/wp\/v2\/posts"}],"about":[{"href":"https:\/\/ermdigital.com\/index.php\/wp-json\/wp\/v2\/types\/post"}],"author":[{"embeddable":true,"href":"https:\/\/ermdigital.com\/index.php\/wp-json\/wp\/v2\/users\/1"}],"replies":[{"embeddable":true,"href":"https:\/\/ermdigital.com\/index.php\/wp-json\/wp\/v2\/comments?post=24924"}],"version-history":[{"count":0,"href":"https:\/\/ermdigital.com\/index.php\/wp-json\/wp\/v2\/posts\/24924\/revisions"}],"wp:featuredmedia":[{"embeddable":true,"href":"https:\/\/ermdigital.com\/index.php\/wp-json\/wp\/v2\/media\/24925"}],"wp:attachment":[{"href":"https:\/\/ermdigital.com\/index.php\/wp-json\/wp\/v2\/media?parent=24924"}],"wp:term":[{"taxonomy":"category","embeddable":true,"href":"https:\/\/ermdigital.com\/index.php\/wp-json\/wp\/v2\/categories?post=24924"},{"taxonomy":"post_tag","embeddable":true,"href":"https:\/\/ermdigital.com\/index.php\/wp-json\/wp\/v2\/tags?post=24924"}],"curies":[{"name":"wp","href":"https:\/\/api.w.org\/{rel}","templated":true}]}}