{"id":24922,"date":"2026-04-27T09:41:44","date_gmt":"2026-04-27T13:41:44","guid":{"rendered":"https:\/\/ermdigital.com\/index.php\/2026\/04\/27\/vicepresidenta-raquel-pena-y-roberto-angel-salcedo-clausuran-feria-del-libro-y-la-cultura-cibao-2026\/"},"modified":"2026-04-27T09:41:44","modified_gmt":"2026-04-27T13:41:44","slug":"vicepresidenta-raquel-pena-y-roberto-angel-salcedo-clausuran-feria-del-libro-y-la-cultura-cibao-2026","status":"publish","type":"post","link":"https:\/\/ermdigital.com\/index.php\/2026\/04\/27\/vicepresidenta-raquel-pena-y-roberto-angel-salcedo-clausuran-feria-del-libro-y-la-cultura-cibao-2026\/","title":{"rendered":"Vicepresidenta Raquel Pe\u00f1a y Roberto \u00c1ngel Salcedo clausuran Feria del Libro y la Cultura Cibao 2026\u00a0"},"content":{"rendered":"<p><span class=\"field field--name-title field--type-string field--label-hidden\">Vicepresidenta Raquel Pe\u00f1a y Roberto \u00c1ngel Salcedo clausuran Feria del Libro y la Cultura Cibao 2026\u00a0 <\/span><br \/>\n<span class=\"field field--name-uid field--type-entity-reference field--label-hidden\"><span>rosahenriquez<\/span><\/span><br \/>\n<span class=\"field field--name-created field--type-created field--label-hidden\"><time datetime=\"2026-04-27T09:41:44-04:00\" title=\"Lunes, Abril 27, 2026 - 09:41\" class=\"datetime\">27 de  Abril 2026 | 09:41<\/time><br \/>\n<\/span><\/p>\n<div class=\"clearfix text-formatted field field--name-body field--type-text-with-summary field--label-hidden field__item\">\n<div class=\"OutlineElement Ltr SCXW256327903 BCX0\">\n<p class=\"text-align-justify\"><span class=\"TextRun SCXW256327903 BCX0 NormalTextRun\" lang=\"ES-DO\">Santiago de los <\/span><span class=\"TextRun SCXW256327903 BCX0 NormalTextRun ContextualSpellingAndGrammarErrorV2Themed\" lang=\"ES-DO\">Caballeros.\u2013<\/span><span class=\"TextRun SCXW256327903 BCX0 NormalTextRun\" lang=\"ES-DO\"> Tras una semana de programaci\u00f3n que congreg\u00f3 a m\u00e1s de <strong>100,000 visitantes<\/strong> y consolid\u00f3 a <strong>Santiago como referente cultural<\/strong> de la regi\u00f3n Norte, la <strong>vicepresidenta de la Rep\u00fablica, Raquel Pe\u00f1a,<\/strong> encabez\u00f3 el acto de clausura de la primera <strong>Feria Regional del Libro y la Cultura Cibao 2026.\u00a0\u00a0<\/strong><\/span><span class=\"EOP SCXW256327903 BCX0\">\u00a0<\/span><\/p>\n<\/div>\n<div class=\"OutlineElement Ltr SCXW256327903 BCX0\">\n<p class=\"text-align-justify\"><span class=\"TextRun SCXW256327903 BCX0 NormalTextRun\" lang=\"ES-DO\">La vicemandataria afirm\u00f3 que la feria refleja el compromiso del Gobierno, encabezado por el <strong>presidente Luis <\/strong><\/span><span class=\"TextRun SCXW256327903 BCX0 NormalTextRun SpellingErrorV2Themed\" lang=\"ES-DO\"><strong>Abinader<\/strong><\/span><span class=\"TextRun SCXW256327903 BCX0 NormalTextRun\" lang=\"ES-DO\">, con el fortalecimiento de la <strong>educaci\u00f3n y la cultura <\/strong>en el Cibao.\u00a0<\/span><span class=\"EOP SCXW256327903 BCX0\">\u00a0<\/span><\/p>\n<\/div>\n<div class=\"OutlineElement Ltr SCXW256327903 BCX0\">\n<p class=\"text-align-justify\"><span class=\"TextRun SCXW256327903 BCX0 NormalTextRun\" lang=\"ES-DO\">Durante la semana de actividades, Pe\u00f1a dej\u00f3 formalmente inaugurado un marat\u00f3n de lectura, imparti\u00f3 la conferencia magistral <strong>\u201cLeer en medio del ruido\u201d<\/strong> y realiz\u00f3 un recorrido por las instalaciones del recinto ferial. Cabe recordar que la celebraci\u00f3n de este evento ha contado con el respaldo de la Vicepresidencia de la Rep\u00fablica desde su concepci\u00f3n.\u00a0<\/span><span class=\"EOP SCXW256327903 BCX0\">\u00a0<\/span><\/p>\n<\/div>\n<div class=\"OutlineElement Ltr SCXW256327903 BCX0\">\n<p class=\"text-align-justify\"><span class=\"TextRun SCXW256327903 BCX0 NormalTextRun\" lang=\"ES-DO\">Por su parte, el ministro de Cultura, <strong>Roberto \u00c1ngel Salcedo<\/strong>, destac\u00f3 el alcance de la iniciativa y su proyecci\u00f3n como <strong>plataforma de integraci\u00f3n regional<\/strong> y fortalecimiento del ecosistema cultural.\u00a0<\/span><span class=\"EOP SCXW256327903 BCX0\">\u00a0<\/span><\/p>\n<\/div>\n<p><img decoding=\"async\" src=\"https:\/\/www.presidencia.gob.do\/sites\/default\/files\/inline-images\/Dise%C3%B1o%20sin%20t%C3%ADtulo%20%2815%29.png\" data-entity-uuid=\"15055c87-b694-466e-88e6-ccd5490ffbe0\" data-entity-type=\"file\" width=\"1300\" height=\"730\" loading=\"lazy\">\n<\/p>\n<div class=\"OutlineElement Ltr SCXW256327903 BCX0\">\n<p class=\"text-align-justify\"><span class=\"TextRun SCXW256327903 BCX0 NormalTextRun\" lang=\"ES-DO\">Asimismo, en consonancia con las palabras del presidente Luis <\/span><span class=\"TextRun SCXW256327903 BCX0 NormalTextRun SpellingErrorV2Themed\" lang=\"ES-DO\">Abinader<\/span><span class=\"TextRun SCXW256327903 BCX0 NormalTextRun\" lang=\"ES-DO\">, quien en su visita al recinto ferial anunci\u00f3 que la iniciativa quedar\u00e1 instituida como un evento anual en atenci\u00f3n a su impacto cultural y a la acogida del p\u00fablico, el titular de Cultura se\u00f1al\u00f3 que la <strong>segunda edici\u00f3n<\/strong> tendr\u00e1 lugar de nuevo en Santiago de los Caballeros, <strong>del 19 al 25 de abril de 2027.\u00a0<\/strong><\/span><span class=\"EOP SCXW256327903 BCX0\">\u00a0<\/span><\/p>\n<\/div>\n<div class=\"OutlineElement Ltr SCXW256327903 BCX0\">\n<p class=\"text-align-justify\"><span class=\"TextRun SCXW256327903 BCX0 NormalTextRun\" lang=\"ES-DO\">En la valoraci\u00f3n final del evento se revel\u00f3, adem\u00e1s, que este ha registrado ventas por valor de <strong>10 millones de pesos en libros.\u00a0<\/strong><\/span><span class=\"EOP SCXW256327903 BCX0\">\u00a0<\/span><\/p>\n<\/div>\n<div class=\"OutlineElement Ltr SCXW256327903 BCX0\">\n<p class=\"text-align-justify\"><span class=\"TextRun SCXW256327903 BCX0 NormalTextRun\" lang=\"ES-DO\">La feria estuvo dedicada a <strong>Ulises Francisco Espaillat<\/strong>, con motivo del 150 aniversario de su gobierno. El evento incluy\u00f3 un pabell\u00f3n central con estands representativos de cada provincia participante, as\u00ed como espacios dedicados a librer\u00edas y editoriales, c\u00f3mic, artesan\u00eda, gastronom\u00eda e instituciones externas, adem\u00e1s de los pabellones de Identidad y <strong>Ciudadan\u00eda y El Poder de las Buenas Palabras.\u00a0<\/strong><\/span><span class=\"EOP SCXW256327903 BCX0\">\u00a0<\/span><\/p>\n<\/div>\n<div class=\"OutlineElement Ltr SCXW256327903 BCX0\">\n<p class=\"text-align-justify\"><span class=\"TextRun SCXW256327903 BCX0 NormalTextRun\" lang=\"ES-DO\">El evento, celebrado del 20 al 26 de abril, reuni\u00f3 a representantes de las <strong>14 provincias del Cibao<\/strong> en una propuesta orientada a <strong>promover el libro y las industrias culturales<\/strong>. Con una estructura compuesta por 11 pabellones y m\u00faltiples espacios tem\u00e1ticos, el evento articul\u00f3 una programaci\u00f3n que integr\u00f3 <strong>exposiciones, presentaciones literarias, talleres, actividades infantiles y espect\u00e1culos art\u00edsticos.<\/strong>\u00a0<\/span><span class=\"EOP SCXW256327903 BCX0\">\u00a0<\/span><\/p>\n<\/div>\n<p><img decoding=\"async\" src=\"https:\/\/www.presidencia.gob.do\/sites\/default\/files\/inline-images\/Dise%C3%B1o%20sin%20t%C3%ADtulo%20%2817%29.png\" data-entity-uuid=\"55632653-8755-4311-830d-b583ac2e066c\" data-entity-type=\"file\" width=\"1300\" height=\"730\" loading=\"lazy\">\n<\/p>\n<div class=\"OutlineElement Ltr SCXW256327903 BCX0\">\n<p class=\"text-align-justify\"><span class=\"TextRun SCXW256327903 BCX0 NormalTextRun\" lang=\"ES-DO\">La agenda incluy\u00f3 alrededor de <strong>250 actividades<\/strong>, con la participaci\u00f3n de <strong>editoriales, distribuidores y librer\u00edas <\/strong>que representaron a m\u00e1s de un centenar de sellos, as\u00ed como una extensi\u00f3n a distintos puntos de la ciudad, entre ellos <strong>el Centro Le\u00f3n, el Ateneo Amantes de la Luz y el Monumento a los H\u00e9roes de la Restauraci\u00f3n.\u00a0<\/strong><\/span><span class=\"EOP SCXW256327903 BCX0\">\u00a0<\/span><\/p>\n<\/div>\n<div class=\"OutlineElement Ltr SCXW256327903 BCX0\">\n<p class=\"text-align-justify\"><span class=\"TextRun SCXW256327903 BCX0 NormalTextRun\" lang=\"ES-DO\">La alta afluencia de p\u00fablico durante toda la semana confirm\u00f3 el \u00e9xito de la convocatoria, que super\u00f3 las expectativas iniciales y posiciona esta primera edici\u00f3n ferial como uno de los <strong>principales encuentros culturales<\/strong> del pa\u00eds.\u00a0<\/span><span class=\"EOP SCXW256327903 BCX0\">\u00a0<\/span><\/p>\n<\/div>\n<div class=\"OutlineElement Ltr SCXW256327903 BCX0\">\n<p class=\"text-align-justify\"><span class=\"TextRun SCXW256327903 BCX0 NormalTextRun\" lang=\"ES-DO\">La jornada de clausura culmin\u00f3 con un concierto de la <strong>Orquesta Filarm\u00f3nica de Santo Domingo,<\/strong> bajo la direcci\u00f3n de <strong>Amaury S\u00e1nchez.<\/strong><\/span><span class=\"EOP SCXW256327903 BCX0\">\u00a0<\/span><\/p>\n<\/div>\n<\/div>\n<div class=\"field field--name-field-image field--type-image field--label-hidden field__item\">  <img decoding=\"async\" loading=\"lazy\" src=\"https:\/\/www.presidencia.gob.do\/sites\/default\/files\/news\/2026-04\/Dise%C3%B1o%20sin%20t%C3%ADtulo%20%2816%29.png\" width=\"1300\" height=\"730\" alt=\"Feria del Libro\"><\/p>\n<\/div>\n<p>\u00a0Vicepresidenta Raquel Pe\u00f1a y Roberto \u00c1ngel Salcedo clausuran Feria del Libro y la Cultura Cibao 2026\u00a0<br \/>\nrosahenriquez<br \/>\n27 de  Abril 2026 | 09:41<\/p>\n<p>Santiago de los Caballeros.\u2013 Tras una semana de programaci\u00f3n que congreg\u00f3 a m\u00e1s de 100,000 visitantes y consolid\u00f3 a Santiago como referente cultural de la regi\u00f3n Norte, la vicepresidenta de la Rep\u00fablica, Raquel Pe\u00f1a, encabez\u00f3 el acto de clausura de la primera Feria Regional del Libro y la Cultura Cibao 2026.\u00a0\u00a0\u00a0<\/p>\n<p>La vicemandataria afirm\u00f3 que la feria refleja el compromiso del Gobierno, encabezado por el presidente Luis Abinader, con el fortalecimiento de la educaci\u00f3n y la cultura en el Cibao.\u00a0\u00a0<\/p>\n<p>Durante la semana de actividades, Pe\u00f1a dej\u00f3 formalmente inaugurado un marat\u00f3n de lectura, imparti\u00f3 la conferencia magistral \u201cLeer en medio del ruido\u201d y realiz\u00f3 un recorrido por las instalaciones del recinto ferial. Cabe recordar que la celebraci\u00f3n de este evento ha contado con el respaldo de la Vicepresidencia de la Rep\u00fablica desde su concepci\u00f3n.\u00a0\u00a0<\/p>\n<p>Por su parte, el ministro de Cultura, Roberto \u00c1ngel Salcedo, destac\u00f3 el alcance de la iniciativa y su proyecci\u00f3n como plataforma de integraci\u00f3n regional y fortalecimiento del ecosistema cultural.\u00a0\u00a0<\/p>\n<p>Asimismo, en consonancia con las palabras del presidente Luis Abinader, quien en su visita al recinto ferial anunci\u00f3 que la iniciativa quedar\u00e1 instituida como un evento anual en atenci\u00f3n a su impacto cultural y a la acogida del p\u00fablico, el titular de Cultura se\u00f1al\u00f3 que la segunda edici\u00f3n tendr\u00e1 lugar de nuevo en Santiago de los Caballeros, del 19 al 25 de abril de 2027.\u00a0\u00a0<\/p>\n<p>En la valoraci\u00f3n final del evento se revel\u00f3, adem\u00e1s, que este ha registrado ventas por valor de 10 millones de pesos en libros.\u00a0\u00a0<\/p>\n<p>La feria estuvo dedicada a Ulises Francisco Espaillat, con motivo del 150 aniversario de su gobierno. El evento incluy\u00f3 un pabell\u00f3n central con estands representativos de cada provincia participante, as\u00ed como espacios dedicados a librer\u00edas y editoriales, c\u00f3mic, artesan\u00eda, gastronom\u00eda e instituciones externas, adem\u00e1s de los pabellones de Identidad y Ciudadan\u00eda y El Poder de las Buenas Palabras.\u00a0\u00a0<\/p>\n<p>El evento, celebrado del 20 al 26 de abril, reuni\u00f3 a representantes de las 14 provincias del Cibao en una propuesta orientada a promover el libro y las industrias culturales. Con una estructura compuesta por 11 pabellones y m\u00faltiples espacios tem\u00e1ticos, el evento articul\u00f3 una programaci\u00f3n que integr\u00f3 exposiciones, presentaciones literarias, talleres, actividades infantiles y espect\u00e1culos art\u00edsticos.\u00a0\u00a0<\/p>\n<p>La agenda incluy\u00f3 alrededor de 250 actividades, con la participaci\u00f3n de editoriales, distribuidores y librer\u00edas que representaron a m\u00e1s de un centenar de sellos, as\u00ed como una extensi\u00f3n a distintos puntos de la ciudad, entre ellos el Centro Le\u00f3n, el Ateneo Amantes de la Luz y el Monumento a los H\u00e9roes de la Restauraci\u00f3n.\u00a0\u00a0<\/p>\n<p>La alta afluencia de p\u00fablico durante toda la semana confirm\u00f3 el \u00e9xito de la convocatoria, que super\u00f3 las expectativas iniciales y posiciona esta primera edici\u00f3n ferial como uno de los principales encuentros culturales del pa\u00eds.\u00a0\u00a0<\/p>\n<p>La jornada de clausura culmin\u00f3 con un concierto de la Orquesta Filarm\u00f3nica de Santo Domingo, bajo la direcci\u00f3n de Amaury S\u00e1nchez.\u00a0\u00a0\u00a0\u00a0<\/p>\n","protected":false},"excerpt":{"rendered":"<p>Vicepresidenta Raquel Pe\u00f1a y Roberto \u00c1ngel Salcedo clausuran Feria del Libro y la Cultura Cibao 2026\u00a0 rosahenriquez 27 de Abril 2026 | 09:41 Santiago de los Caballeros.\u2013 Tras una semana de programaci\u00f3n que congreg\u00f3 a m\u00e1s de 100,000 visitantes y consolid\u00f3 a Santiago como referente cultural de la regi\u00f3n Norte, la vicepresidenta de la Rep\u00fablica, [&hellip;]<\/p>\n","protected":false},"author":1,"featured_media":24923,"comment_status":"open","ping_status":"open","sticky":false,"template":"","format":"standard","meta":{"amp_status":"","footnotes":""},"categories":[8],"tags":[],"class_list":["post-24922","post","type-post","status-publish","format-standard","has-post-thumbnail","hentry","category-republica"],"_links":{"self":[{"href":"https:\/\/ermdigital.com\/index.php\/wp-json\/wp\/v2\/posts\/24922","targetHints":{"allow":["GET"]}}],"collection":[{"href":"https:\/\/ermdigital.com\/index.php\/wp-json\/wp\/v2\/posts"}],"about":[{"href":"https:\/\/ermdigital.com\/index.php\/wp-json\/wp\/v2\/types\/post"}],"author":[{"embeddable":true,"href":"https:\/\/ermdigital.com\/index.php\/wp-json\/wp\/v2\/users\/1"}],"replies":[{"embeddable":true,"href":"https:\/\/ermdigital.com\/index.php\/wp-json\/wp\/v2\/comments?post=24922"}],"version-history":[{"count":0,"href":"https:\/\/ermdigital.com\/index.php\/wp-json\/wp\/v2\/posts\/24922\/revisions"}],"wp:featuredmedia":[{"embeddable":true,"href":"https:\/\/ermdigital.com\/index.php\/wp-json\/wp\/v2\/media\/24923"}],"wp:attachment":[{"href":"https:\/\/ermdigital.com\/index.php\/wp-json\/wp\/v2\/media?parent=24922"}],"wp:term":[{"taxonomy":"category","embeddable":true,"href":"https:\/\/ermdigital.com\/index.php\/wp-json\/wp\/v2\/categories?post=24922"},{"taxonomy":"post_tag","embeddable":true,"href":"https:\/\/ermdigital.com\/index.php\/wp-json\/wp\/v2\/tags?post=24922"}],"curies":[{"name":"wp","href":"https:\/\/api.w.org\/{rel}","templated":true}]}}