{"id":24920,"date":"2026-04-27T09:53:54","date_gmt":"2026-04-27T13:53:54","guid":{"rendered":"https:\/\/ermdigital.com\/index.php\/2026\/04\/27\/gobierno-inicia-construccion-de-plaza-de-vendedores-en-playa-teco-puerto-plata\/"},"modified":"2026-04-27T09:53:54","modified_gmt":"2026-04-27T13:53:54","slug":"gobierno-inicia-construccion-de-plaza-de-vendedores-en-playa-teco-puerto-plata","status":"publish","type":"post","link":"https:\/\/ermdigital.com\/index.php\/2026\/04\/27\/gobierno-inicia-construccion-de-plaza-de-vendedores-en-playa-teco-puerto-plata\/","title":{"rendered":"Gobierno inicia construcci\u00f3n de plaza de vendedores en playa Teco, Puerto Plata\u00a0"},"content":{"rendered":"<p><span class=\"field field--name-title field--type-string field--label-hidden\">Gobierno inicia construcci\u00f3n de plaza de vendedores en playa Teco, Puerto Plata\u00a0 <\/span><br \/>\n<span class=\"field field--name-uid field--type-entity-reference field--label-hidden\"><span>rosahenriquez<\/span><\/span><br \/>\n<span class=\"field field--name-created field--type-created field--label-hidden\"><time datetime=\"2026-04-27T09:53:54-04:00\" title=\"Lunes, Abril 27, 2026 - 09:53\" class=\"datetime\">27 de  Abril 2026 | 09:53<\/time><br \/>\n<\/span><\/p>\n<div class=\"clearfix text-formatted field field--name-body field--type-text-with-summary field--label-hidden field__item\">\n<div class=\"OutlineElement Ltr SCXW231622692 BCX0\">\n<p class=\"text-align-justify\"><span class=\"TextRun SCXW231622692 BCX0 NormalTextRun\" lang=\"ES-DO\">Maim\u00f3n, Puerto <\/span><span class=\"TextRun SCXW231622692 BCX0 NormalTextRun ContextualSpellingAndGrammarErrorV2Themed\" lang=\"ES-DO\">Plata.-<\/span><span class=\"TextRun SCXW231622692 BCX0 NormalTextRun\" lang=\"ES-DO\"> Con una inversi\u00f3n de <strong>RD 193.533,136<\/strong>, el ministro de Turismo, <strong>David Collado<\/strong>, dej\u00f3 iniciados los trabajos de construcci\u00f3n de la <strong>plaza de vendedores<\/strong> en playa Teco.\u00a0<\/span><span class=\"EOP SCXW231622692 BCX0\">\u00a0<\/span><\/p>\n<\/div>\n<div class=\"OutlineElement Ltr SCXW231622692 BCX0\">\n<p class=\"text-align-justify\"><span class=\"TextRun SCXW231622692 BCX0 NormalTextRun\" lang=\"ES-DO\">La obra, que tendr\u00e1 un gran impacto en el turismo de la provincia y es parte de las acciones del <\/span><span class=\"TextRun SCXW231622692 BCX0 NormalTextRun SpellingErrorV2Themed\" lang=\"ES-DO\">Mitur<\/span><span class=\"TextRun SCXW231622692 BCX0 NormalTextRun\" lang=\"ES-DO\"> de <strong>recuperar y embellecer<\/strong> los entornos de las playas y frentes marinos.\u00a0<\/span><span class=\"EOP SCXW231622692 BCX0\">\u00a0<\/span><\/p>\n<\/div>\n<div class=\"OutlineElement Ltr SCXW231622692 BCX0\">\n<p class=\"text-align-justify\"><span class=\"TextRun SCXW231622692 BCX0 NormalTextRun\" lang=\"ES-DO\">La nueva plaza llega a completar la inversi\u00f3n realizada con la nueva v\u00eda de<strong> 3.60 kil\u00f3metros <\/strong>inaugurada el pasado a\u00f1o, como un <strong>corredor tur\u00edstico integral<\/strong> que culminar\u00e1 en una playa moderna, debidamente equipada, a la altura de un destino tur\u00edstico de clase mundial.\u00a0<\/span><span class=\"EOP SCXW231622692 BCX0\">\u00a0<\/span><\/p>\n<\/div>\n<div class=\"OutlineElement Ltr SCXW231622692 BCX0\">\n<p class=\"text-align-justify\"><span class=\"TextRun SCXW231622692 BCX0 NormalTextRun\" lang=\"EN-US\">El <\/span><span class=\"TextRun SCXW231622692 BCX0 NormalTextRun SpellingErrorV2Themed\" lang=\"EN-US\">ministro<\/span><span class=\"TextRun SCXW231622692 BCX0 NormalTextRun\" lang=\"EN-US\"> Collado, <\/span><span class=\"TextRun SCXW231622692 BCX0 NormalTextRun SpellingErrorV2Themed\" lang=\"EN-US\">quien<\/span><span class=\"TextRun SCXW231622692 BCX0 NormalTextRun\" lang=\"EN-US\"> <\/span><span class=\"TextRun SCXW231622692 BCX0 NormalTextRun SpellingErrorV2Themed\" lang=\"EN-US\">estuvo<\/span><span class=\"TextRun SCXW231622692 BCX0 NormalTextRun\" lang=\"EN-US\"> <\/span><span class=\"TextRun SCXW231622692 BCX0 NormalTextRun SpellingErrorV2Themed\" lang=\"EN-US\">acompa\u00f1ado<\/span><span class=\"TextRun SCXW231622692 BCX0 NormalTextRun\" lang=\"EN-US\"> de <\/span><span class=\"TextRun SCXW231622692 BCX0 NormalTextRun SpellingErrorV2Themed\" lang=\"EN-US\">autoridades<\/span><span class=\"TextRun SCXW231622692 BCX0 NormalTextRun\" lang=\"EN-US\"> <\/span><span class=\"TextRun SCXW231622692 BCX0 NormalTextRun SpellingErrorV2Themed\" lang=\"EN-US\">provinciales<\/span><span class=\"TextRun SCXW231622692 BCX0 NormalTextRun\" lang=\"EN-US\"> y <\/span><span class=\"TextRun SCXW231622692 BCX0 NormalTextRun SpellingErrorV2Themed\" lang=\"EN-US\">municipales<\/span><span class=\"TextRun SCXW231622692 BCX0 NormalTextRun\" lang=\"EN-US\"> <\/span><span class=\"TextRun SCXW231622692 BCX0 NormalTextRun SpellingErrorV2Themed\" lang=\"EN-US\">valor\u00f3<\/span><span class=\"TextRun SCXW231622692 BCX0 NormalTextRun\" lang=\"EN-US\"> la <\/span><span class=\"TextRun SCXW231622692 BCX0 NormalTextRun SpellingErrorV2Themed\" lang=\"EN-US\">importancia<\/span><span class=\"TextRun SCXW231622692 BCX0 NormalTextRun\" lang=\"EN-US\"> de la <\/span><span class=\"TextRun SCXW231622692 BCX0 NormalTextRun SpellingErrorV2Themed\" lang=\"EN-US\">obra<\/span><span class=\"TextRun SCXW231622692 BCX0 NormalTextRun\" lang=\"EN-US\"> y <\/span><span class=\"TextRun SCXW231622692 BCX0 NormalTextRun SpellingErrorV2Themed\" lang=\"EN-US\">su<\/span><span class=\"TextRun SCXW231622692 BCX0 NormalTextRun\" lang=\"EN-US\"> <\/span><span class=\"TextRun SCXW231622692 BCX0 NormalTextRun SpellingErrorV2Themed\" lang=\"EN-US\">impacto<\/span><span class=\"TextRun SCXW231622692 BCX0 NormalTextRun\" lang=\"EN-US\"> <\/span><span class=\"TextRun SCXW231622692 BCX0 NormalTextRun SpellingErrorV2Themed\" lang=\"EN-US\">econ\u00f3mico<\/span><span class=\"TextRun SCXW231622692 BCX0 NormalTextRun\" lang=\"EN-US\"> <\/span><span class=\"TextRun SCXW231622692 BCX0 NormalTextRun SpellingErrorV2Themed\" lang=\"EN-US\">en<\/span><span class=\"TextRun SCXW231622692 BCX0 NormalTextRun\" lang=\"EN-US\"> <\/span><span class=\"TextRun SCXW231622692 BCX0 NormalTextRun SpellingErrorV2Themed\" lang=\"EN-US\">Maim\u00f3n<\/span><span class=\"TextRun SCXW231622692 BCX0 NormalTextRun\" lang=\"EN-US\"> y <\/span><span class=\"TextRun SCXW231622692 BCX0 NormalTextRun SpellingErrorV2Themed\" lang=\"EN-US\">toda<\/span><span class=\"TextRun SCXW231622692 BCX0 NormalTextRun\" lang=\"EN-US\"> la zona. <\/span><em><span class=\"TextRun SCXW231622692 BCX0 NormalTextRun\" lang=\"EN-US\">\u201cHoy <\/span><span class=\"TextRun SCXW231622692 BCX0 NormalTextRun SpellingErrorV2Themed\" lang=\"EN-US\">volvemos<\/span><span class=\"TextRun SCXW231622692 BCX0 NormalTextRun\" lang=\"EN-US\"> <\/span><span class=\"TextRun SCXW231622692 BCX0 NormalTextRun SpellingErrorV2Themed\" lang=\"EN-US\">aqu\u00ed<\/span><span class=\"TextRun SCXW231622692 BCX0 NormalTextRun\" lang=\"EN-US\">, a <\/span><span class=\"TextRun SCXW231622692 BCX0 NormalTextRun SpellingErrorV2Themed\" lang=\"EN-US\">Maim\u00f3n<\/span><span class=\"TextRun SCXW231622692 BCX0 NormalTextRun\" lang=\"EN-US\">, luego de <\/span><span class=\"TextRun SCXW231622692 BCX0 NormalTextRun SpellingErrorV2Themed\" lang=\"EN-US\">intervenir<\/span><span class=\"TextRun SCXW231622692 BCX0 NormalTextRun\" lang=\"EN-US\"> las <\/span><span class=\"TextRun SCXW231622692 BCX0 NormalTextRun SpellingErrorV2Themed\" lang=\"EN-US\">v\u00edas<\/span><span class=\"TextRun SCXW231622692 BCX0 NormalTextRun\" lang=\"EN-US\"> de <\/span><span class=\"TextRun SCXW231622692 BCX0 NormalTextRun SpellingErrorV2Themed\" lang=\"EN-US\">acceso<\/span><span class=\"TextRun SCXW231622692 BCX0 NormalTextRun\" lang=\"EN-US\"> a playa Teco, para <\/span><span class=\"TextRun SCXW231622692 BCX0 NormalTextRun SpellingErrorV2Themed\" lang=\"EN-US\">dejar<\/span><span class=\"TextRun SCXW231622692 BCX0 NormalTextRun\" lang=\"EN-US\"> <\/span><span class=\"TextRun SCXW231622692 BCX0 NormalTextRun SpellingErrorV2Themed\" lang=\"EN-US\">iniciados<\/span><span class=\"TextRun SCXW231622692 BCX0 NormalTextRun\" lang=\"EN-US\"> <\/span><span class=\"TextRun SCXW231622692 BCX0 NormalTextRun SpellingErrorV2Themed\" lang=\"EN-US\">los<\/span><span class=\"TextRun SCXW231622692 BCX0 NormalTextRun\" lang=\"EN-US\"> <\/span><span class=\"TextRun SCXW231622692 BCX0 NormalTextRun SpellingErrorV2Themed\" lang=\"EN-US\">trabajos<\/span><span class=\"TextRun SCXW231622692 BCX0 NormalTextRun\" lang=\"EN-US\"> de <\/span><span class=\"TextRun SCXW231622692 BCX0 NormalTextRun SpellingErrorV2Themed\" lang=\"EN-US\">construcci\u00f3n<\/span><span class=\"TextRun SCXW231622692 BCX0 NormalTextRun\" lang=\"EN-US\"> de la plaza de <\/span><span class=\"TextRun SCXW231622692 BCX0 NormalTextRun SpellingErrorV2Themed\" lang=\"EN-US\">vendedores<\/span><span class=\"TextRun SCXW231622692 BCX0 NormalTextRun\" lang=\"EN-US\">, <\/span><span class=\"TextRun SCXW231622692 BCX0 NormalTextRun SpellingErrorV2Themed\" lang=\"EN-US\">cumpliendo<\/span><span class=\"TextRun SCXW231622692 BCX0 NormalTextRun\" lang=\"EN-US\"> <\/span><span class=\"TextRun SCXW231622692 BCX0 NormalTextRun SpellingErrorV2Themed\" lang=\"EN-US\">as\u00ed<\/span><span class=\"TextRun SCXW231622692 BCX0 NormalTextRun\" lang=\"EN-US\">, con <\/span><span class=\"TextRun SCXW231622692 BCX0 NormalTextRun SpellingErrorV2Themed\" lang=\"EN-US\">nuestra<\/span><span class=\"TextRun SCXW231622692 BCX0 NormalTextRun\" lang=\"EN-US\"> <\/span><span class=\"TextRun SCXW231622692 BCX0 NormalTextRun SpellingErrorV2Themed\" lang=\"EN-US\">promesa<\/span><span class=\"TextRun SCXW231622692 BCX0 NormalTextRun\" lang=\"EN-US\">\u201d,<\/span><\/em><span class=\"TextRun SCXW231622692 BCX0 NormalTextRun\" lang=\"EN-US\"> <\/span><span class=\"TextRun SCXW231622692 BCX0 NormalTextRun SpellingErrorV2Themed\" lang=\"EN-US\">proclam\u00f3<\/span><span class=\"TextRun SCXW231622692 BCX0 NormalTextRun\" lang=\"EN-US\"> <\/span><span class=\"TextRun SCXW231622692 BCX0 NormalTextRun SpellingErrorV2Themed\" lang=\"EN-US\">el<\/span><span class=\"TextRun SCXW231622692 BCX0 NormalTextRun\" lang=\"EN-US\"> <\/span><span class=\"TextRun SCXW231622692 BCX0 NormalTextRun SpellingErrorV2Themed\" lang=\"EN-US\">ministro<\/span><span class=\"TextRun SCXW231622692 BCX0 NormalTextRun\" lang=\"EN-US\"> Collado.\u00a0<\/span><span class=\"EOP SCXW231622692 BCX0\">\u00a0<\/span><\/p>\n<\/div>\n<div class=\"OutlineElement Ltr SCXW231622692 BCX0\">\n<p class=\"text-align-justify\"><span class=\"TextRun SCXW231622692 BCX0 NormalTextRun\" lang=\"ES-DO\">El proyecto contempla <strong>dos intervenciones principales<\/strong> en un \u00e1rea de <strong>11,750 metros <\/strong>cuadrados: mejora de la v\u00eda de acceso y adecuaci\u00f3n integral de la plaza, donde se ejecutar\u00e1n trabajos de demolici\u00f3n de estructuras existentes, movimiento de tierra y pavimentaci\u00f3n; la construcci\u00f3n de <strong>m\u00f3dulos comerciales<\/strong> destinados a bar, servicios sanitarios y artesan\u00edas.\u00a0<\/span><span class=\"EOP SCXW231622692 BCX0\">\u00a0<\/span><\/p>\n<\/div>\n<div class=\"OutlineElement Ltr SCXW231622692 BCX0\">\n<p class=\"text-align-justify\"><span class=\"TextRun SCXW231622692 BCX0 NormalTextRun\" lang=\"ES-DO\">En la nueva plaza se incorporar\u00e1 una zona de juegos infantiles, \u00e1rea de ejercicios al aire libre y una cancha de voleibol playero.\u00a0<\/span><span class=\"EOP SCXW231622692 BCX0\">\u00a0<\/span><\/p>\n<\/div>\n<div class=\"OutlineElement Ltr SCXW231622692 BCX0\">\n<p class=\"text-align-justify\"><span class=\"TextRun SCXW231622692 BCX0 NormalTextRun\" lang=\"ES-DO\">Adem\u00e1s, habr\u00e1 un \u00e1rea para dep\u00f3sito de basura y almacenamiento de gas, instalaci\u00f3n de p\u00e9rgolas, mobiliario urbano, intervenci\u00f3n hidrosanitaria con cisterna, duchas y pozo filtrante; sistema contra incendios, <strong>paisajismo integral e iluminaci\u00f3n exterior<\/strong>, as\u00ed como, la correspondiente se\u00f1alizaci\u00f3n horizontal y vertical.\u00a0<\/span><span class=\"EOP SCXW231622692 BCX0\">\u00a0<\/span><\/p>\n<\/div>\n<div class=\"OutlineElement Ltr SCXW231622692 BCX0\">\n<p class=\"text-align-justify\"><span class=\"TextRun SCXW231622692 BCX0 NormalTextRun\" lang=\"ES-DO\"><strong>Pavimentaci\u00f3n\u00a0<\/strong><\/span><span class=\"EOP SCXW231622692 BCX0\">\u00a0<\/span><\/p>\n<\/div>\n<div class=\"OutlineElement Ltr SCXW231622692 BCX0\">\n<p class=\"text-align-justify\"><span class=\"TextRun SCXW231622692 BCX0 NormalTextRun\" lang=\"ES-DO\">Se contempla, asimismo, la conformaci\u00f3n y revestimiento de cunetas, ejecuci\u00f3n de pedrapl\u00e9n, construcci\u00f3n de contenes y pavimentaci\u00f3n mediante adoquines de alto, garantizando la <strong>estabilidad estructural y la durabilidad<\/strong> de la superficie.\u00a0<\/span><span class=\"EOP SCXW231622692 BCX0\">\u00a0<\/span><\/p>\n<\/div>\n<div class=\"OutlineElement Ltr SCXW231622692 BCX0\">\n<p class=\"text-align-justify\"><span class=\"TextRun SCXW231622692 BCX0 NormalTextRun\" lang=\"ES-DO\"><strong>Paisajismo\u00a0<\/strong><\/span><span class=\"EOP SCXW231622692 BCX0\">\u00a0<\/span><\/p>\n<\/div>\n<div class=\"OutlineElement Ltr SCXW231622692 BCX0\">\n<p class=\"text-align-justify\"><span class=\"TextRun SCXW231622692 BCX0 NormalTextRun\" lang=\"ES-DO\">Para el disfrute de sus visitantes, el entorno natural y los alrededores de la plaza en playa Teco contar\u00e1 con una <strong>selecci\u00f3n de especies de plantas<\/strong> como roble criollo, uva de playa, palma cana, almendro, mara, icaco, <\/span><span class=\"TextRun SCXW231622692 BCX0 NormalTextRun SpellingErrorV2Themed\" lang=\"ES-DO\">gu\u00e1yiga<\/span><span class=\"TextRun SCXW231622692 BCX0 NormalTextRun\" lang=\"ES-DO\">, batatilla, saladillo, mangle bot\u00f3n y grama bermuda.\u00a0<\/span><span class=\"EOP SCXW231622692 BCX0\">\u00a0<\/span><\/p>\n<\/div>\n<div class=\"OutlineElement Ltr SCXW231622692 BCX0\">\n<p class=\"text-align-justify\"><span class=\"TextRun SCXW231622692 BCX0 NormalTextRun\" lang=\"ES-DO\">La plaza de vendedores en playa Teco est\u00e1 a cargo del <strong>Comit\u00e9 Ejecutor de Infraestructuras de Zonas Tur\u00edsticas<\/strong> (<\/span><span class=\"TextRun SCXW231622692 BCX0 NormalTextRun SpellingErrorV2Themed\" lang=\"ES-DO\">Ceiztur<\/span><span class=\"TextRun SCXW231622692 BCX0 NormalTextRun\" lang=\"ES-DO\">) del <\/span><span class=\"TextRun SCXW231622692 BCX0 NormalTextRun SpellingErrorV2Themed\" lang=\"ES-DO\">Mitur<\/span><span class=\"TextRun SCXW231622692 BCX0 NormalTextRun\" lang=\"ES-DO\">.<\/span><span class=\"EOP SCXW231622692 BCX0\">\u00a0<\/span><\/p>\n<\/div>\n<\/div>\n<div class=\"field field--name-field-image field--type-image field--label-hidden field__item\">  <img decoding=\"async\" loading=\"lazy\" src=\"https:\/\/www.presidencia.gob.do\/sites\/default\/files\/news\/2026-04\/Dise%C3%B1o%20sin%20t%C3%ADtulo%20%2818%29_0.png\" width=\"1300\" height=\"730\" alt=\"Turismo\"><\/p>\n<\/div>\n<p>\u00a0Gobierno inicia construcci\u00f3n de plaza de vendedores en playa Teco, Puerto Plata\u00a0<br \/>\nrosahenriquez<br \/>\n27 de  Abril 2026 | 09:53<\/p>\n<p>Maim\u00f3n, Puerto Plata.- Con una inversi\u00f3n de RD 193.533,136, el ministro de Turismo, David Collado, dej\u00f3 iniciados los trabajos de construcci\u00f3n de la plaza de vendedores en playa Teco.\u00a0\u00a0<\/p>\n<p>La obra, que tendr\u00e1 un gran impacto en el turismo de la provincia y es parte de las acciones del Mitur de recuperar y embellecer los entornos de las playas y frentes marinos.\u00a0\u00a0<\/p>\n<p>La nueva plaza llega a completar la inversi\u00f3n realizada con la nueva v\u00eda de 3.60 kil\u00f3metros inaugurada el pasado a\u00f1o, como un corredor tur\u00edstico integral que culminar\u00e1 en una playa moderna, debidamente equipada, a la altura de un destino tur\u00edstico de clase mundial.\u00a0\u00a0<\/p>\n<p>El ministro Collado, quien estuvo acompa\u00f1ado de autoridades provinciales y municipales valor\u00f3 la importancia de la obra y su impacto econ\u00f3mico en Maim\u00f3n y toda la zona. \u201cHoy volvemos aqu\u00ed, a Maim\u00f3n, luego de intervenir las v\u00edas de acceso a playa Teco, para dejar iniciados los trabajos de construcci\u00f3n de la plaza de vendedores, cumpliendo as\u00ed, con nuestra promesa\u201d, proclam\u00f3 el ministro Collado.\u00a0\u00a0<\/p>\n<p>El proyecto contempla dos intervenciones principales en un \u00e1rea de 11,750 metros cuadrados: mejora de la v\u00eda de acceso y adecuaci\u00f3n integral de la plaza, donde se ejecutar\u00e1n trabajos de demolici\u00f3n de estructuras existentes, movimiento de tierra y pavimentaci\u00f3n; la construcci\u00f3n de m\u00f3dulos comerciales destinados a bar, servicios sanitarios y artesan\u00edas.\u00a0\u00a0<\/p>\n<p>En la nueva plaza se incorporar\u00e1 una zona de juegos infantiles, \u00e1rea de ejercicios al aire libre y una cancha de voleibol playero.\u00a0\u00a0<\/p>\n<p>Adem\u00e1s, habr\u00e1 un \u00e1rea para dep\u00f3sito de basura y almacenamiento de gas, instalaci\u00f3n de p\u00e9rgolas, mobiliario urbano, intervenci\u00f3n hidrosanitaria con cisterna, duchas y pozo filtrante; sistema contra incendios, paisajismo integral e iluminaci\u00f3n exterior, as\u00ed como, la correspondiente se\u00f1alizaci\u00f3n horizontal y vertical.\u00a0\u00a0<\/p>\n<p>Pavimentaci\u00f3n\u00a0\u00a0<\/p>\n<p>Se contempla, asimismo, la conformaci\u00f3n y revestimiento de cunetas, ejecuci\u00f3n de pedrapl\u00e9n, construcci\u00f3n de contenes y pavimentaci\u00f3n mediante adoquines de alto, garantizando la estabilidad estructural y la durabilidad de la superficie.\u00a0\u00a0<\/p>\n<p>Paisajismo\u00a0\u00a0<\/p>\n<p>Para el disfrute de sus visitantes, el entorno natural y los alrededores de la plaza en playa Teco contar\u00e1 con una selecci\u00f3n de especies de plantas como roble criollo, uva de playa, palma cana, almendro, mara, icaco, gu\u00e1yiga, batatilla, saladillo, mangle bot\u00f3n y grama bermuda.\u00a0\u00a0<\/p>\n<p>La plaza de vendedores en playa Teco est\u00e1 a cargo del Comit\u00e9 Ejecutor de Infraestructuras de Zonas Tur\u00edsticas (Ceiztur) del Mitur.\u00a0\u00a0\u00a0\u00a0<\/p>\n","protected":false},"excerpt":{"rendered":"<p>Gobierno inicia construcci\u00f3n de plaza de vendedores en playa Teco, Puerto Plata\u00a0 rosahenriquez 27 de Abril 2026 | 09:53 Maim\u00f3n, Puerto Plata.- Con una inversi\u00f3n de RD 193.533,136, el ministro de Turismo, David Collado, dej\u00f3 iniciados los trabajos de construcci\u00f3n de la plaza de vendedores en playa Teco.\u00a0\u00a0 La obra, que tendr\u00e1 un gran impacto [&hellip;]<\/p>\n","protected":false},"author":1,"featured_media":24921,"comment_status":"open","ping_status":"open","sticky":false,"template":"","format":"standard","meta":{"amp_status":"","footnotes":""},"categories":[8],"tags":[],"class_list":["post-24920","post","type-post","status-publish","format-standard","has-post-thumbnail","hentry","category-republica"],"_links":{"self":[{"href":"https:\/\/ermdigital.com\/index.php\/wp-json\/wp\/v2\/posts\/24920","targetHints":{"allow":["GET"]}}],"collection":[{"href":"https:\/\/ermdigital.com\/index.php\/wp-json\/wp\/v2\/posts"}],"about":[{"href":"https:\/\/ermdigital.com\/index.php\/wp-json\/wp\/v2\/types\/post"}],"author":[{"embeddable":true,"href":"https:\/\/ermdigital.com\/index.php\/wp-json\/wp\/v2\/users\/1"}],"replies":[{"embeddable":true,"href":"https:\/\/ermdigital.com\/index.php\/wp-json\/wp\/v2\/comments?post=24920"}],"version-history":[{"count":0,"href":"https:\/\/ermdigital.com\/index.php\/wp-json\/wp\/v2\/posts\/24920\/revisions"}],"wp:featuredmedia":[{"embeddable":true,"href":"https:\/\/ermdigital.com\/index.php\/wp-json\/wp\/v2\/media\/24921"}],"wp:attachment":[{"href":"https:\/\/ermdigital.com\/index.php\/wp-json\/wp\/v2\/media?parent=24920"}],"wp:term":[{"taxonomy":"category","embeddable":true,"href":"https:\/\/ermdigital.com\/index.php\/wp-json\/wp\/v2\/categories?post=24920"},{"taxonomy":"post_tag","embeddable":true,"href":"https:\/\/ermdigital.com\/index.php\/wp-json\/wp\/v2\/tags?post=24920"}],"curies":[{"name":"wp","href":"https:\/\/api.w.org\/{rel}","templated":true}]}}