{"id":24918,"date":"2026-04-27T10:08:17","date_gmt":"2026-04-27T14:08:17","guid":{"rendered":"https:\/\/ermdigital.com\/index.php\/2026\/04\/27\/canciller-del-reino-de-espana-realizara-visita-oficial-a-la-republica-dominicana\/"},"modified":"2026-04-27T10:08:17","modified_gmt":"2026-04-27T14:08:17","slug":"canciller-del-reino-de-espana-realizara-visita-oficial-a-la-republica-dominicana","status":"publish","type":"post","link":"https:\/\/ermdigital.com\/index.php\/2026\/04\/27\/canciller-del-reino-de-espana-realizara-visita-oficial-a-la-republica-dominicana\/","title":{"rendered":"Canciller del Reino de Espa\u00f1a realizar\u00e1 visita oficial a la Rep\u00fablica Dominicana\u00a0"},"content":{"rendered":"<p><span class=\"field field--name-title field--type-string field--label-hidden\">Canciller del Reino de Espa\u00f1a realizar\u00e1 visita oficial a la Rep\u00fablica Dominicana\u00a0<\/span><br \/>\n<span class=\"field field--name-uid field--type-entity-reference field--label-hidden\"><span>rosahenriquez<\/span><\/span><br \/>\n<span class=\"field field--name-created field--type-created field--label-hidden\"><time datetime=\"2026-04-27T10:08:17-04:00\" title=\"Lunes, Abril 27, 2026 - 10:08\" class=\"datetime\">27 de  Abril 2026 | 10:08<\/time><br \/>\n<\/span><\/p>\n<div class=\"clearfix text-formatted field field--name-body field--type-text-with-summary field--label-hidden field__item\">\n<div class=\"OutlineElement Ltr SCXW166844072 BCX0\">\n<p class=\"text-align-justify\"><span class=\"TextRun SCXW166844072 BCX0 NormalTextRun\" lang=\"ES-DO\">Santo <\/span><span class=\"TextRun SCXW166844072 BCX0 NormalTextRun ContextualSpellingAndGrammarErrorV2Themed\" lang=\"ES-DO\">Domingo.-<\/span><span class=\"TextRun SCXW166844072 BCX0 NormalTextRun\" lang=\"ES-DO\"> El ministro de Relaciones Exteriores, <strong>Roberto \u00c1lvarez,<\/strong> recibir\u00e1 este <strong>martes 28 de abril <\/strong>a su hom\u00f3logo del Reino de Espa\u00f1a, <strong>Jos\u00e9 Manuel Albares<\/strong>, quien realizar\u00e1 una <strong>visita oficial<\/strong> al pa\u00eds.\u00a0<\/span><span class=\"EOP SCXW166844072 BCX0\">\u00a0<\/span><\/p>\n<\/div>\n<div class=\"OutlineElement Ltr SCXW166844072 BCX0\">\n<p class=\"text-align-justify\"><span class=\"TextRun SCXW166844072 BCX0 NormalTextRun\" lang=\"ES-DO\"><strong>El Ministerio de Relaciones Exteriores <\/strong>inform\u00f3 que el ministro de Asuntos Exteriores, Uni\u00f3n Europea y Cooperaci\u00f3n del Reino de Espa\u00f1a llegar\u00e1 a la Canciller\u00eda <strong>en horas de la ma\u00f1ana<\/strong>. Tras los saludos protocolares, ambos cancilleres sostendr\u00e1n una <strong>reuni\u00f3n de trabajo.\u00a0<\/strong><\/span><span class=\"EOP SCXW166844072 BCX0\">\u00a0<\/span><\/p>\n<\/div>\n<div class=\"OutlineElement Ltr SCXW166844072 BCX0\">\n<p class=\"text-align-justify\"><span class=\"TextRun SCXW166844072 BCX0 NormalTextRun\" lang=\"ES-DO\">La agenda incluye una <strong>conferencia de prensa conjunta<\/strong>, en la que se informar\u00e1 sobre los temas abordados.\u00a0<\/span><span class=\"EOP SCXW166844072 BCX0\">\u00a0<\/span><\/p>\n<\/div>\n<div class=\"OutlineElement Ltr SCXW166844072 BCX0\">\n<p class=\"text-align-justify\"><span class=\"TextRun SCXW166844072 BCX0 NormalTextRun\" lang=\"ES-DO\">La visita se realiza en reciprocidad al encuentro sostenido por ambos cancilleres en Madrid, en <strong>mayo de 2025,<\/strong> y da seguimiento a los <strong>compromisos de trabajo acordados<\/strong> en esa ocasi\u00f3n.\u00a0<\/span><span class=\"EOP SCXW166844072 BCX0\">\u00a0<\/span><\/p>\n<\/div>\n<div class=\"OutlineElement Ltr SCXW166844072 BCX0\">\n<p class=\"text-align-justify\"><span class=\"TextRun SCXW166844072 BCX0 NormalTextRun\" lang=\"ES-DO\">La Rep\u00fablica Dominicana y el Reino de Espa\u00f1a mantienen <strong>relaciones diplom\u00e1ticas de larga data y una agenda de cooperaci\u00f3n<\/strong> en \u00e1reas de inter\u00e9s com\u00fan, en el marco de un di\u00e1logo institucional continuo y respetuoso.\u00a0<\/span><span class=\"EOP SCXW166844072 BCX0\">\u00a0<\/span><\/p>\n<\/div>\n<div class=\"OutlineElement Ltr SCXW166844072 BCX0\">\n<p class=\"text-align-justify\"><span class=\"TextRun SCXW166844072 BCX0 NormalTextRun\" lang=\"ES-DO\">El ministro espa\u00f1ol estar\u00e1 acompa\u00f1ado por la secretaria de Estado para Iberoam\u00e9rica y el Caribe, <strong>Susana <\/strong><\/span><span class=\"TextRun SCXW166844072 BCX0 NormalTextRun SpellingErrorV2Themed\" lang=\"ES-DO\"><strong>Sumelzo<\/strong><\/span><span class=\"TextRun SCXW166844072 BCX0 NormalTextRun\" lang=\"ES-DO\">; la embajadora de Espa\u00f1a en la Rep\u00fablica Dominicana, <strong>Lorea <\/strong><\/span><span class=\"TextRun SCXW166844072 BCX0 NormalTextRun SpellingErrorV2Themed\" lang=\"ES-DO\"><strong>Arribalzaga<\/strong><\/span><span class=\"TextRun SCXW166844072 BCX0 NormalTextRun\" lang=\"ES-DO\">, as\u00ed como por otros funcionarios.\u00a0<\/span><span class=\"EOP SCXW166844072 BCX0\">\u00a0<\/span><\/p>\n<\/div>\n<div class=\"OutlineElement Ltr SCXW166844072 BCX0\">\n<p class=\"text-align-justify\"><span class=\"TextRun SCXW166844072 BCX0 NormalTextRun\" lang=\"ES-DO\">Mientras que, el canciller Roberto \u00c1lvarez estar\u00e1 acompa\u00f1ado por los viceministros <strong>Francisco Caraballo, Rub\u00e9n <\/strong><\/span><span class=\"TextRun SCXW166844072 BCX0 NormalTextRun SpellingErrorV2Themed\" lang=\"ES-DO\"><strong>Sili\u00e9<\/strong><\/span><span class=\"TextRun SCXW166844072 BCX0 NormalTextRun\" lang=\"ES-DO\"><strong> y <\/strong><\/span><span class=\"TextRun SCXW166844072 BCX0 NormalTextRun SpellingErrorV2Themed\" lang=\"ES-DO\"><strong>Opinio<\/strong><\/span><span class=\"TextRun SCXW166844072 BCX0 NormalTextRun\" lang=\"ES-DO\"><strong> D\u00edaz<\/strong>, junto con otros funcionarios del <\/span><span class=\"TextRun SCXW166844072 BCX0 NormalTextRun SpellingErrorV2Themed\" lang=\"ES-DO\">Mirex<\/span><span class=\"TextRun SCXW166844072 BCX0 NormalTextRun\" lang=\"ES-DO\">.\u00a0<\/span><span class=\"EOP SCXW166844072 BCX0\">\u00a0<\/span><\/p>\n<\/div>\n<div class=\"OutlineElement Ltr SCXW166844072 BCX0\">\n<p class=\"text-align-justify\"><span class=\"TextRun SCXW166844072 BCX0 NormalTextRun\" lang=\"ES-DO\">La Rep\u00fablica Dominicana reafirma su compromiso con una pol\u00edtica exterior basada en el <strong>respeto mutuo, el di\u00e1logo constructivo y la cooperaci\u00f3n<\/strong> con sus socios internacionales<\/span><span class=\"EOP SCXW166844072 BCX0\">\u00a0<\/span><\/p>\n<\/div>\n<\/div>\n<div class=\"field field--name-field-image field--type-image field--label-hidden field__item\">  <img decoding=\"async\" loading=\"lazy\" src=\"https:\/\/www.presidencia.gob.do\/sites\/default\/files\/news\/2026-04\/Dise%C3%B1o%20sin%20t%C3%ADtulo%20%2819%29_0.png\" width=\"1300\" height=\"730\" alt=\"Canciller\"><\/p>\n<\/div>\n<p>\u00a0Canciller del Reino de Espa\u00f1a realizar\u00e1 visita oficial a la Rep\u00fablica Dominicana\u00a0<br \/>\nrosahenriquez<br \/>\n27 de  Abril 2026 | 10:08<\/p>\n<p>Santo Domingo.- El ministro de Relaciones Exteriores, Roberto \u00c1lvarez, recibir\u00e1 este martes 28 de abril a su hom\u00f3logo del Reino de Espa\u00f1a, Jos\u00e9 Manuel Albares, quien realizar\u00e1 una visita oficial al pa\u00eds.\u00a0\u00a0<\/p>\n<p>El Ministerio de Relaciones Exteriores inform\u00f3 que el ministro de Asuntos Exteriores, Uni\u00f3n Europea y Cooperaci\u00f3n del Reino de Espa\u00f1a llegar\u00e1 a la Canciller\u00eda en horas de la ma\u00f1ana. Tras los saludos protocolares, ambos cancilleres sostendr\u00e1n una reuni\u00f3n de trabajo.\u00a0\u00a0<\/p>\n<p>La agenda incluye una conferencia de prensa conjunta, en la que se informar\u00e1 sobre los temas abordados.\u00a0\u00a0<\/p>\n<p>La visita se realiza en reciprocidad al encuentro sostenido por ambos cancilleres en Madrid, en mayo de 2025, y da seguimiento a los compromisos de trabajo acordados en esa ocasi\u00f3n.\u00a0\u00a0<\/p>\n<p>La Rep\u00fablica Dominicana y el Reino de Espa\u00f1a mantienen relaciones diplom\u00e1ticas de larga data y una agenda de cooperaci\u00f3n en \u00e1reas de inter\u00e9s com\u00fan, en el marco de un di\u00e1logo institucional continuo y respetuoso.\u00a0\u00a0<\/p>\n<p>El ministro espa\u00f1ol estar\u00e1 acompa\u00f1ado por la secretaria de Estado para Iberoam\u00e9rica y el Caribe, Susana Sumelzo; la embajadora de Espa\u00f1a en la Rep\u00fablica Dominicana, Lorea Arribalzaga, as\u00ed como por otros funcionarios.\u00a0\u00a0<\/p>\n<p>Mientras que, el canciller Roberto \u00c1lvarez estar\u00e1 acompa\u00f1ado por los viceministros Francisco Caraballo, Rub\u00e9n Sili\u00e9 y Opinio D\u00edaz, junto con otros funcionarios del Mirex.\u00a0\u00a0<\/p>\n<p>La Rep\u00fablica Dominicana reafirma su compromiso con una pol\u00edtica exterior basada en el respeto mutuo, el di\u00e1logo constructivo y la cooperaci\u00f3n con sus socios internacionales\u00a0\u00a0\u00a0\u00a0<\/p>\n","protected":false},"excerpt":{"rendered":"<p>Canciller del Reino de Espa\u00f1a realizar\u00e1 visita oficial a la Rep\u00fablica Dominicana\u00a0 rosahenriquez 27 de Abril 2026 | 10:08 Santo Domingo.- El ministro de Relaciones Exteriores, Roberto \u00c1lvarez, recibir\u00e1 este martes 28 de abril a su hom\u00f3logo del Reino de Espa\u00f1a, Jos\u00e9 Manuel Albares, quien realizar\u00e1 una visita oficial al pa\u00eds.\u00a0\u00a0 El Ministerio de Relaciones [&hellip;]<\/p>\n","protected":false},"author":1,"featured_media":24919,"comment_status":"open","ping_status":"open","sticky":false,"template":"","format":"standard","meta":{"amp_status":"","footnotes":""},"categories":[8],"tags":[],"class_list":["post-24918","post","type-post","status-publish","format-standard","has-post-thumbnail","hentry","category-republica"],"_links":{"self":[{"href":"https:\/\/ermdigital.com\/index.php\/wp-json\/wp\/v2\/posts\/24918","targetHints":{"allow":["GET"]}}],"collection":[{"href":"https:\/\/ermdigital.com\/index.php\/wp-json\/wp\/v2\/posts"}],"about":[{"href":"https:\/\/ermdigital.com\/index.php\/wp-json\/wp\/v2\/types\/post"}],"author":[{"embeddable":true,"href":"https:\/\/ermdigital.com\/index.php\/wp-json\/wp\/v2\/users\/1"}],"replies":[{"embeddable":true,"href":"https:\/\/ermdigital.com\/index.php\/wp-json\/wp\/v2\/comments?post=24918"}],"version-history":[{"count":0,"href":"https:\/\/ermdigital.com\/index.php\/wp-json\/wp\/v2\/posts\/24918\/revisions"}],"wp:featuredmedia":[{"embeddable":true,"href":"https:\/\/ermdigital.com\/index.php\/wp-json\/wp\/v2\/media\/24919"}],"wp:attachment":[{"href":"https:\/\/ermdigital.com\/index.php\/wp-json\/wp\/v2\/media?parent=24918"}],"wp:term":[{"taxonomy":"category","embeddable":true,"href":"https:\/\/ermdigital.com\/index.php\/wp-json\/wp\/v2\/categories?post=24918"},{"taxonomy":"post_tag","embeddable":true,"href":"https:\/\/ermdigital.com\/index.php\/wp-json\/wp\/v2\/tags?post=24918"}],"curies":[{"name":"wp","href":"https:\/\/api.w.org\/{rel}","templated":true}]}}