{"id":24888,"date":"2026-04-27T08:05:40","date_gmt":"2026-04-27T12:05:40","guid":{"rendered":"https:\/\/ermdigital.com\/index.php\/2026\/04\/27\/la-cuaba-y-varias-provincias-protestan-este-lunes-en-contra-de-decisiones-medioambientales\/"},"modified":"2026-04-27T08:05:40","modified_gmt":"2026-04-27T12:05:40","slug":"la-cuaba-y-varias-provincias-protestan-este-lunes-en-contra-de-decisiones-medioambientales","status":"publish","type":"post","link":"https:\/\/ermdigital.com\/index.php\/2026\/04\/27\/la-cuaba-y-varias-provincias-protestan-este-lunes-en-contra-de-decisiones-medioambientales\/","title":{"rendered":"La Cuaba y varias provincias protestan este lunes en contra de decisiones medioambientales\u00a0"},"content":{"rendered":"<p>&lt;![CDATA[<\/p>\n<p>Comunitarios del municipio de La Cuaba y organizaciones populares y ambientales de las provincias San Juan de la Maguana, San Francisco de Macor\u00eds, el municipio de Moca, la zona de Licey al Medio en Santiago y Navarrete protestan este lunes en contra de la instalaci\u00f3n de un relleno sanitario y la explotaci\u00f3n minera en el pa\u00eds.<\/p>\n<p><a href=\"https:\/\/listindiario.com\/la-republica\/20260427\/cuaba-provincias-protestan-lunes-decisiones-medioambientales_903405.html\">wf_cms.rss.read_more<\/a><\/p>\n<p>]]&gt;<\/p>\n<p>\u200bComunitarios del municipio de La Cuaba y organizaciones populares y ambientales de las provincias San Juan de la Maguana, San Francisco de Macor\u00eds, el municipio de Moca, la zona de Licey al Medio en Santiago y Navarrete protestan este lunes en contra de la instalaci\u00f3n de un relleno sanitario y la explotaci\u00f3n minera en el pa\u00eds.\u00a0\u00a0La Rep\u00fablica\u00a0<\/p>\n","protected":false},"excerpt":{"rendered":"<p>&lt;![CDATA[ Comunitarios del municipio de La Cuaba y organizaciones populares y ambientales de las provincias San Juan de la Maguana, San Francisco de Macor\u00eds, el municipio de Moca, la zona de Licey al Medio en Santiago y Navarrete protestan este lunes en contra de la instalaci\u00f3n de un relleno sanitario y la explotaci\u00f3n minera en [&hellip;]<\/p>\n","protected":false},"author":1,"featured_media":24889,"comment_status":"open","ping_status":"open","sticky":false,"template":"","format":"standard","meta":{"amp_status":"","footnotes":""},"categories":[5],"tags":[],"class_list":["post-24888","post","type-post","status-publish","format-standard","has-post-thumbnail","hentry","category-politica"],"_links":{"self":[{"href":"https:\/\/ermdigital.com\/index.php\/wp-json\/wp\/v2\/posts\/24888","targetHints":{"allow":["GET"]}}],"collection":[{"href":"https:\/\/ermdigital.com\/index.php\/wp-json\/wp\/v2\/posts"}],"about":[{"href":"https:\/\/ermdigital.com\/index.php\/wp-json\/wp\/v2\/types\/post"}],"author":[{"embeddable":true,"href":"https:\/\/ermdigital.com\/index.php\/wp-json\/wp\/v2\/users\/1"}],"replies":[{"embeddable":true,"href":"https:\/\/ermdigital.com\/index.php\/wp-json\/wp\/v2\/comments?post=24888"}],"version-history":[{"count":0,"href":"https:\/\/ermdigital.com\/index.php\/wp-json\/wp\/v2\/posts\/24888\/revisions"}],"wp:featuredmedia":[{"embeddable":true,"href":"https:\/\/ermdigital.com\/index.php\/wp-json\/wp\/v2\/media\/24889"}],"wp:attachment":[{"href":"https:\/\/ermdigital.com\/index.php\/wp-json\/wp\/v2\/media?parent=24888"}],"wp:term":[{"taxonomy":"category","embeddable":true,"href":"https:\/\/ermdigital.com\/index.php\/wp-json\/wp\/v2\/categories?post=24888"},{"taxonomy":"post_tag","embeddable":true,"href":"https:\/\/ermdigital.com\/index.php\/wp-json\/wp\/v2\/tags?post=24888"}],"curies":[{"name":"wp","href":"https:\/\/api.w.org\/{rel}","templated":true}]}}