{"id":24884,"date":"2026-04-27T06:48:48","date_gmt":"2026-04-27T10:48:48","guid":{"rendered":"https:\/\/ermdigital.com\/index.php\/2026\/04\/27\/al-menos-7-muertos-y-26-heridos-al-colisionar-un-camion-con-vehiculos-en-el-norte-de-irak\/"},"modified":"2026-04-27T06:48:48","modified_gmt":"2026-04-27T10:48:48","slug":"al-menos-7-muertos-y-26-heridos-al-colisionar-un-camion-con-vehiculos-en-el-norte-de-irak","status":"publish","type":"post","link":"https:\/\/ermdigital.com\/index.php\/2026\/04\/27\/al-menos-7-muertos-y-26-heridos-al-colisionar-un-camion-con-vehiculos-en-el-norte-de-irak\/","title":{"rendered":"Al menos 7 muertos y 26 heridos al colisionar un cami\u00f3n con veh\u00edculos en el norte de Irak"},"content":{"rendered":"<p>El accidente se produjo en la noche del domingo en la principal carretera que une las ciudades de Kirkuk y Erbil, en la regi\u00f3n aut\u00f3noma del Kurdist\u00e1n, cuando un cami\u00f3n cargado de cemento choc\u00f3 con otros veh\u00edculos y provoc\u00f3 un \u00abcaos\u00bb en la carretera, detallaron.<\/p>\n<p>Las autoridades de Tr\u00e1fico de Kirkuk atribuyen el accidente a que el conductor del cami\u00f3n circulaba a gran velocidad por la concurrida carretera de Darwaza, donde perdi\u00f3 el control del veh\u00edculo y choc\u00f3 con otros coches, causando graves da\u00f1os materiales a al menos 24 veh\u00edculos.<\/p>\n<p>El Director General de Salud de Kirkuk, Arjan Mohammed, citado por la agencia iraqu\u00ed de noticias, INA, afirm\u00f3 que el Departamento de Medicina Forense recibi\u00f3 los cuerpos de 6 fallecidos, y que otros 27 heridos fueron trasladados a un hospital cercano.<\/p>\n<p>Fuentes sanitarias en Kirkuk confirmaron a EFE que uno de los heridos falleci\u00f3 m\u00e1s tarde en el hospital, con lo que el total de v\u00edctimas mortales ascendi\u00f3 a siete.<\/p>\n<p><strong><em>Te puede interesar: <a href=\"https:\/\/deultimominuto.net\/internacionales\/la-violencia-en-el-suroeste\/\">La violencia en el suroeste de Colombia impacta la campa\u00f1a presidencial de mayo<\/a><\/em><\/strong><\/p>\n<p>El primer ministro iraqu\u00ed, Mohamed Shia al Sudani, pidi\u00f3 este lunes a las autoridades competentes de su pa\u00eds brindar a las familias de las v\u00edctimas \u00abel apoyo y la atenci\u00f3n necesarios\u00bb y \u00abverificar las condiciones de seguridad y de aplicar las normas e instrucciones de tr\u00e1nsito para evitar que se repitan accidentes tan lamentables\u00bb.<\/p>\n<p>Los accidentes de tr\u00e1fico son habituales en Irak debido a la velocidad inapropiada, el incumplimiento de muchos conductores de las condiciones de seguridad y el mal estado de varias carreteras del pa\u00eds.\u00a0<\/p>\n<p>\u200bEl accidente se produjo en la noche del domingo en la principal carretera que une las ciudades de Kirkuk y Erbil, en la regi\u00f3n aut\u00f3noma del Kurdist\u00e1n, cuando un cami\u00f3n cargado de cemento choc\u00f3 con otros veh\u00edculos y provoc\u00f3 un \u00abcaos\u00bb en la carretera, detallaron. Las autoridades de Tr\u00e1fico de Kirkuk atribuyen el accidente a\u00a0\u00a0Internacionales, Deultimominuto, ElPeri\u00f3dicodelaVerdad, Heridos, Irak, Muertos\u00a0\u00a0<\/p>\n","protected":false},"excerpt":{"rendered":"<p>El accidente se produjo en la noche del domingo en la principal carretera que une las ciudades de Kirkuk y Erbil, en la regi\u00f3n aut\u00f3noma del Kurdist\u00e1n, cuando un cami\u00f3n cargado de cemento choc\u00f3 con otros veh\u00edculos y provoc\u00f3 un \u00abcaos\u00bb en la carretera, detallaron. Las autoridades de Tr\u00e1fico de Kirkuk atribuyen el accidente a [&hellip;]<\/p>\n","protected":false},"author":1,"featured_media":24885,"comment_status":"open","ping_status":"open","sticky":false,"template":"","format":"standard","meta":{"amp_status":"","footnotes":""},"categories":[3],"tags":[],"class_list":["post-24884","post","type-post","status-publish","format-standard","has-post-thumbnail","hentry","category-de-ultimo-minuto"],"_links":{"self":[{"href":"https:\/\/ermdigital.com\/index.php\/wp-json\/wp\/v2\/posts\/24884","targetHints":{"allow":["GET"]}}],"collection":[{"href":"https:\/\/ermdigital.com\/index.php\/wp-json\/wp\/v2\/posts"}],"about":[{"href":"https:\/\/ermdigital.com\/index.php\/wp-json\/wp\/v2\/types\/post"}],"author":[{"embeddable":true,"href":"https:\/\/ermdigital.com\/index.php\/wp-json\/wp\/v2\/users\/1"}],"replies":[{"embeddable":true,"href":"https:\/\/ermdigital.com\/index.php\/wp-json\/wp\/v2\/comments?post=24884"}],"version-history":[{"count":0,"href":"https:\/\/ermdigital.com\/index.php\/wp-json\/wp\/v2\/posts\/24884\/revisions"}],"wp:featuredmedia":[{"embeddable":true,"href":"https:\/\/ermdigital.com\/index.php\/wp-json\/wp\/v2\/media\/24885"}],"wp:attachment":[{"href":"https:\/\/ermdigital.com\/index.php\/wp-json\/wp\/v2\/media?parent=24884"}],"wp:term":[{"taxonomy":"category","embeddable":true,"href":"https:\/\/ermdigital.com\/index.php\/wp-json\/wp\/v2\/categories?post=24884"},{"taxonomy":"post_tag","embeddable":true,"href":"https:\/\/ermdigital.com\/index.php\/wp-json\/wp\/v2\/tags?post=24884"}],"curies":[{"name":"wp","href":"https:\/\/api.w.org\/{rel}","templated":true}]}}