{"id":24882,"date":"2026-04-27T06:53:21","date_gmt":"2026-04-27T10:53:21","guid":{"rendered":"https:\/\/ermdigital.com\/index.php\/2026\/04\/27\/al-menos-42-muertos-en-enfrentamientos-intercomunitarios-por-agua-en-el-este-de-chad\/"},"modified":"2026-04-27T06:53:21","modified_gmt":"2026-04-27T10:53:21","slug":"al-menos-42-muertos-en-enfrentamientos-intercomunitarios-por-agua-en-el-este-de-chad","status":"publish","type":"post","link":"https:\/\/ermdigital.com\/index.php\/2026\/04\/27\/al-menos-42-muertos-en-enfrentamientos-intercomunitarios-por-agua-en-el-este-de-chad\/","title":{"rendered":"Al menos 42 muertos en enfrentamientos intercomunitarios por agua en el este de Chad"},"content":{"rendered":"<p>Nairobi, 27 abr (EFE).- Al menos 42 personas perdieron la vida y diez resultaron heridas en enfrentamientos intercomunitarios en el este de Chad, en la provincia de Wafi-Fira, donde se desat\u00f3 una disputa por un pozo entre dos familias que degener\u00f3 en un estallido de violencia, confirm\u00f3 el Gobierno.<\/p>\n<p>\u00abLamentamos 42 muertos y diez heridos, evacuados al centro de la provincia\u00bb, afirm\u00f3 el vice primer ministro encargado de la Administraci\u00f3n Territorial y la Descentralizaci\u00f3n, Limane Mahamat, en declaraciones recogidas a \u00faltima hora del domingo por la Agencia Chadiana de Prensa y Edici\u00f3n (ATPE, en franc\u00e9s) y otros medios locales.<\/p>\n<p>\u00abEn nombre del presidente de la Rep\u00fablica, mariscal Mahamat Idriss Deby Itno, en nombre del Gobierno y en nombre de la naci\u00f3n, transmitimos nuestro m\u00e1s sentido p\u00e9same a las familias de las v\u00edctimas\u00bb, a\u00f1adi\u00f3 el vice primer ministro, que form\u00f3 parte de una delegaci\u00f3n oficial enviada este domingo al lugar de los hechos.<\/p>\n<p>Los choques ocurrieron este s\u00e1bado en el pueblo de Igote, en el departamento de Dar Tama, y, seg\u00fan el vice primer ministro, \u00abno se deben a enfrentamientos comunitarios cl\u00e1sicos\u00bb, sino \u00aba una disputa entre dos familias\u00bb por un pozo de agua, que degener\u00f3 en violencia, con negocios y viviendas incendiadas.<\/p>\n<p>La situaci\u00f3n se encuentra ahora \u00abbajo control\u00bb, se\u00f1al\u00f3 el dirigente, tras el despliegue de las fuerzas de seguridad, y los heridos han sido trasladados a centros de salud de la provincia.<\/p>\n<p>Mientras, las autoridades han puesto en marcha tanto un proceso de mediaci\u00f3n comunitario como un proceso judicial para identificar a los responsables de los hechos.<\/p>\n<p>En referencia a la devastadora guerra civil que sacude desde abril de 2023 el vecino Sud\u00e1n, pa\u00eds con el que esta zona es fronteriza, el vice primer ministro se\u00f1al\u00f3 que estas violencias \u00abson consecuencia de un contexto\u00bb.<\/p>\n<p>\u00abHaremos todo lo posible por controlar la situaci\u00f3n y evitar que nuestro pa\u00eds se vea arrastrado por este conflicto que, repito, no nos concierne en absoluto\u00bb, asever\u00f3.<\/p>\n<p>La violencia intercomunitaria es frecuente en Chad, sobre todo en las tierras f\u00e9rtiles del sur y el este del pa\u00eds, donde muchos habitantes est\u00e1n armados.<\/p>\n<p>En esa zona son habituales los choques entre agricultores y ganaderos en disputas por la tierra y por el agua, uno de los conflictos m\u00e1s antiguos en la regi\u00f3n del Sahel, agravado en los \u00faltimos a\u00f1os con el avance del desierto, la crisis clim\u00e1tica y la disminuci\u00f3n de tierras aptas para cultivar y alimentar al ganado.<\/p>\n<p><strong><em>Te puede interesar: <a href=\"https:\/\/deultimominuto.net\/internacionales\/ascienden-a-19-los-civiles\/\">Ascienden a 19 los civiles muertos por el ataque con una bomba en la V\u00eda Panamericana en Colombia<\/a><\/em><\/strong><\/p>\n<p>Adem\u00e1s, en los \u00faltimos tiempos, el este chadiano se ha convertido en un escenario de frecuentes enfrentamientos entre pastores y cuatreros procedentes de Sud\u00e1n, agravados por la guerra en ese pa\u00eds.\u00a0<\/p>\n<p>\u200bNairobi, 27 abr (EFE).- Al menos 42 personas perdieron la vida y diez resultaron heridas en enfrentamientos intercomunitarios en el este de Chad, en la provincia de Wafi-Fira, donde se desat\u00f3 una disputa por un pozo entre dos familias que degener\u00f3 en un estallido de violencia, confirm\u00f3 el Gobierno. \u00abLamentamos 42 muertos y diez heridos,\u00a0\u00a0Internacionales, Chad, Deultimominuto, ElPeri\u00f3dicodelaVerdad, Muertos\u00a0\u00a0<\/p>\n","protected":false},"excerpt":{"rendered":"<p>Nairobi, 27 abr (EFE).- Al menos 42 personas perdieron la vida y diez resultaron heridas en enfrentamientos intercomunitarios en el este de Chad, en la provincia de Wafi-Fira, donde se desat\u00f3 una disputa por un pozo entre dos familias que degener\u00f3 en un estallido de violencia, confirm\u00f3 el Gobierno. \u00abLamentamos 42 muertos y diez heridos, [&hellip;]<\/p>\n","protected":false},"author":1,"featured_media":24883,"comment_status":"open","ping_status":"open","sticky":false,"template":"","format":"standard","meta":{"amp_status":"","footnotes":""},"categories":[3],"tags":[],"class_list":["post-24882","post","type-post","status-publish","format-standard","has-post-thumbnail","hentry","category-de-ultimo-minuto"],"_links":{"self":[{"href":"https:\/\/ermdigital.com\/index.php\/wp-json\/wp\/v2\/posts\/24882","targetHints":{"allow":["GET"]}}],"collection":[{"href":"https:\/\/ermdigital.com\/index.php\/wp-json\/wp\/v2\/posts"}],"about":[{"href":"https:\/\/ermdigital.com\/index.php\/wp-json\/wp\/v2\/types\/post"}],"author":[{"embeddable":true,"href":"https:\/\/ermdigital.com\/index.php\/wp-json\/wp\/v2\/users\/1"}],"replies":[{"embeddable":true,"href":"https:\/\/ermdigital.com\/index.php\/wp-json\/wp\/v2\/comments?post=24882"}],"version-history":[{"count":0,"href":"https:\/\/ermdigital.com\/index.php\/wp-json\/wp\/v2\/posts\/24882\/revisions"}],"wp:featuredmedia":[{"embeddable":true,"href":"https:\/\/ermdigital.com\/index.php\/wp-json\/wp\/v2\/media\/24883"}],"wp:attachment":[{"href":"https:\/\/ermdigital.com\/index.php\/wp-json\/wp\/v2\/media?parent=24882"}],"wp:term":[{"taxonomy":"category","embeddable":true,"href":"https:\/\/ermdigital.com\/index.php\/wp-json\/wp\/v2\/categories?post=24882"},{"taxonomy":"post_tag","embeddable":true,"href":"https:\/\/ermdigital.com\/index.php\/wp-json\/wp\/v2\/tags?post=24882"}],"curies":[{"name":"wp","href":"https:\/\/api.w.org\/{rel}","templated":true}]}}