{"id":24870,"date":"2026-04-27T02:22:29","date_gmt":"2026-04-27T06:22:29","guid":{"rendered":"https:\/\/ermdigital.com\/index.php\/2026\/04\/27\/una-experiencia-que-sirve-para-proteger-el-erario\/"},"modified":"2026-04-27T02:22:29","modified_gmt":"2026-04-27T06:22:29","slug":"una-experiencia-que-sirve-para-proteger-el-erario","status":"publish","type":"post","link":"https:\/\/ermdigital.com\/index.php\/2026\/04\/27\/una-experiencia-que-sirve-para-proteger-el-erario\/","title":{"rendered":"Una experiencia que sirve para proteger el erario"},"content":{"rendered":"<p>\u00a0\u00a0<\/p>\n<p>Fue necesaria la indignaci\u00f3n casi colectiva que alcanz\u00f3 hasta al presidente de la Rep\u00fablica, <strong>Luis Abinader<\/strong>,\u00a0 para que se conociera de forma p\u00fablica lo obvio. Que los empresarios que rentaron el <strong>Estadio Quisqueya<\/strong> para el concierto de Chayanne y el patronato que hizo el tr\u00e1mite asumieran el costo de reparaci\u00f3n del outfield.<\/p>\n<p>Los d\u00edas antes de la <strong>reuni\u00f3n de alto nivel<\/strong> que tuvo lugar el viernes y donde se acab\u00f3 el debate fueron de <strong>dimes y diretes<\/strong>, repartici\u00f3n est\u00e9ril de culpas entre allegados al Escogido y Licey. Hasta revivi\u00f3 diferencias en torno al <strong>sindicato de peloteros<\/strong>.<\/p>\n<p>Lo que se quiso reducir a que con lluvia y varios sacos de abono la grama regresar\u00eda se tranz\u00f3 en un costo de 3 millones 600 mil pesos, a ser cubierto por los promotores del concierto del pasado <strong>11 de abril<\/strong>.\u00a0<\/p>\n<p>Hasta en la muy bien educada <strong>Finlandia<\/strong> y el resto de pa\u00edses n\u00f3rdicos ha sido toc\u00e1ndole el bolsillo que desde el <strong>ciudadano de a p\u00ede<\/strong> hasta las empresas han aprendido a cumplir las leyes.\u00a0<\/p>\n<p>Reci\u00e9n en febrero el <strong>Gobierno destin\u00f3 500 mil d\u00f3lares<\/strong> para una <strong>serie de MLB<\/strong> y adecuar el parque, entre ello el terreno, a nivel de Grandes Ligas.<\/p>\n<div class=\"w-full pt-2 float-left inside-related\"><strong>RELACIONADAS<\/strong><\/p>\n<article class=\"flex flex-wrap border-b pb-4 mb-3 inline-block\">\n<div class=\"xl:w-2\/12 w-4\/12\">\n<figure class=\"mb-0\"><img loading=\"lazy\" decoding=\"async\" src=\"https:\/\/resources.diariolibre.com\/images\/2026\/04\/24\/dictador-trujillo-y-el-decreto-sobre-uso-del-estadio-quisqueya-509a0369-focus-min0.09-0.33-149-99.jpg\" width=\"149\" height=\"99\" title=\"El dictador Rafael Leonidas Trujillo y el decreto sobre uso del Estadio Quisqueya\" alt=\"El dictador Rafael Leonidas Trujillo y el decreto sobre uso del Estadio Quisqueya\" class=\"object-cover\" \/><\/figure>\n<\/div>\n<\/article>\n<article class=\"flex flex-wrap border-b pb-4 mb-3 inline-block\">\n<div class=\"xl:w-2\/12 w-4\/12\">\n<figure class=\"mb-0\"><img loading=\"lazy\" decoding=\"async\" src=\"https:\/\/resources.diariolibre.com\/images\/2026\/04\/24\/el-patronato-y-promotores-repararan-los-danos-que-sufrio-el-quisqueya-9c869c06-focus-0-0-149-99.jpg\" width=\"149\" height=\"99\" title=\"Promotores art\u00edsticos costear\u00e1n los da\u00f1os que sufri\u00f3 el Estadio Quisqueya\" alt=\"Promotores art\u00edsticos costear\u00e1n los da\u00f1os que sufri\u00f3 el Estadio Quisqueya\" class=\"object-cover\" \/><\/figure>\n<\/div>\n<\/article>\n<article class=\"flex flex-wrap border-b pb-4 mb-3 inline-block\">\n<div class=\"xl:w-2\/12 w-4\/12\">\n<figure class=\"mb-0\"><img loading=\"lazy\" decoding=\"async\" src=\"https:\/\/resources.diariolibre.com\/images\/2026\/04\/22\/santo-domingo-2026-monegro-confia-en-el-patronato-del-quisqueya-376d9ea8-focus-min0.18-min0.68-149-99.jpg\" width=\"149\" height=\"99\" title=\"Jos\u00e9 Monegro conf\u00eda en que el patronato del Quisqueya pondr\u00e1 atenci\u00f3n a la grama de ese estadio\" alt=\"Jos\u00e9 Monegro conf\u00eda en que el patronato del Quisqueya pondr\u00e1 atenci\u00f3n a la grama de ese estadio\" class=\"object-cover\" \/><\/figure>\n<\/div>\n<\/article>\n<\/div>\n<p>La experiencia, gracias a la exposici\u00f3n p\u00fablica en la que <strong>Diario Libre<\/strong> jug\u00f3 su rol con <strong>im\u00e1genes de dron<\/strong> que dec\u00edan m\u00e1s que mil palabras, advierte a los pr\u00f3ximos arrendatarios del recinto tomar en cuenta el <strong>protocolo<\/strong>. Montar una <strong>carpeta<\/strong> que proteja el terreno del peso y los golpes que puede recibir la superficie no es suficiente. <\/p>\n<ul class=\"list-text\">\n<li>Esa grama necesita exposici\u00f3n a los rayos del sol, a la lluvia, ser rociada y excederse en el tiempo con la <strong>carpeta<\/strong> ocasiona da\u00f1os.<\/li>\n<\/ul>\n<p>Igual, <strong>Kelvin Cruz<\/strong> es el ministro de Deportes que ha manejado el <strong>mayor presupuesto<\/strong> en construcci\u00f3n y reparaci\u00f3n de instalaciones. A Cruz le sobra recorrido como regidor, alcalde de La Vega, como presidente de Fedomu, sabe que si no hay una <strong>red que vele<\/strong> por una obra p\u00fablica entonces en el breve tiempo esa inversi\u00f3n se desperdicia.<\/p>\n<p>La indignaci\u00f3n y advertencia que hizo Cruz el jueves mientras se inauguraba el <strong>Malec\u00f3n Deportivo<\/strong> fue el catalizador para que se asumieran <strong>consecuencias<\/strong>. Poco o nada importaba si los permisos de conciertos se entregaron mientras era el Escogido quien estaba al frente del patronato.<\/p>\n<p>Tocaba <strong>responder<\/strong>, exigir <strong>responsabilidad<\/strong> y garantizar que el terreno del Quisqueya est\u00e9 en \u00f3ptimas condiciones sin la necesidad de requerir m\u00e1s dinero p\u00fablico para que en julio el recinto acoja el torneo de b\u00e9isbol de los <strong>JCC<\/strong>, donde la Rep\u00fablica Dominicana buscar\u00e1 su primera medalla de oro como anfitriona.\u00a0<\/p>\n<div class=\"border-t border-b py-2 my-5 tags-container\"><strong>TEMAS &#8211; <\/strong><\/p>\n<ul>\n<li>\n<div class=\"inline-block border p-2 rounded-full align-middle\">\n<p><a href=\"https:\/\/www.diariolibre.com\/tags\/estadio-quisqueya\/5861\" title=\"Estadio Quisqueya\">Estadio Quisqueya<\/a><\/p>\n<\/div>\n<\/li>\n<li>\n<div class=\"inline-block border p-2 rounded-full align-middle\">\n<p><a href=\"https:\/\/www.diariolibre.com\/tags\/juan-marichal\/5127\" title=\"Juan Marichal\">Juan Marichal<\/a><\/p>\n<\/div>\n<\/li>\n<li><\/li>\n<li>\n<div class=\"inline-block border p-2 rounded-full align-middle\">\n<p><a href=\"https:\/\/www.diariolibre.com\/tags\/clasico-mundial-de-beisbol\/4180\" title=\"Cl\u00e1sico Mundial de B\u00e9isbol\">Cl\u00e1sico Mundial de B\u00e9isbol<\/a><\/p>\n<\/div>\n<\/li>\n<\/ul>\n<\/div>\n<p>\u00a0<\/p>\n","protected":false},"excerpt":{"rendered":"<p>\u00a0\u00a0 Fue necesaria la indignaci\u00f3n casi colectiva que alcanz\u00f3 hasta al presidente de la Rep\u00fablica, Luis Abinader,\u00a0 para que se conociera de forma p\u00fablica lo obvio. Que los empresarios que rentaron el Estadio Quisqueya para el concierto de Chayanne y el patronato que hizo el tr\u00e1mite asumieran el costo de reparaci\u00f3n del outfield. Los d\u00edas [&hellip;]<\/p>\n","protected":false},"author":1,"featured_media":24871,"comment_status":"open","ping_status":"open","sticky":false,"template":"","format":"standard","meta":{"amp_status":"","footnotes":""},"categories":[4],"tags":[],"class_list":["post-24870","post","type-post","status-publish","format-standard","has-post-thumbnail","hentry","category-deportes"],"_links":{"self":[{"href":"https:\/\/ermdigital.com\/index.php\/wp-json\/wp\/v2\/posts\/24870","targetHints":{"allow":["GET"]}}],"collection":[{"href":"https:\/\/ermdigital.com\/index.php\/wp-json\/wp\/v2\/posts"}],"about":[{"href":"https:\/\/ermdigital.com\/index.php\/wp-json\/wp\/v2\/types\/post"}],"author":[{"embeddable":true,"href":"https:\/\/ermdigital.com\/index.php\/wp-json\/wp\/v2\/users\/1"}],"replies":[{"embeddable":true,"href":"https:\/\/ermdigital.com\/index.php\/wp-json\/wp\/v2\/comments?post=24870"}],"version-history":[{"count":0,"href":"https:\/\/ermdigital.com\/index.php\/wp-json\/wp\/v2\/posts\/24870\/revisions"}],"wp:featuredmedia":[{"embeddable":true,"href":"https:\/\/ermdigital.com\/index.php\/wp-json\/wp\/v2\/media\/24871"}],"wp:attachment":[{"href":"https:\/\/ermdigital.com\/index.php\/wp-json\/wp\/v2\/media?parent=24870"}],"wp:term":[{"taxonomy":"category","embeddable":true,"href":"https:\/\/ermdigital.com\/index.php\/wp-json\/wp\/v2\/categories?post=24870"},{"taxonomy":"post_tag","embeddable":true,"href":"https:\/\/ermdigital.com\/index.php\/wp-json\/wp\/v2\/tags?post=24870"}],"curies":[{"name":"wp","href":"https:\/\/api.w.org\/{rel}","templated":true}]}}