{"id":24865,"date":"2026-04-27T00:00:00","date_gmt":"2026-04-27T04:00:00","guid":{"rendered":"https:\/\/ermdigital.com\/index.php\/2026\/04\/27\/omsa-inicia-nueva-etapa-con-15-autobuses-renovados\/"},"modified":"2026-04-27T00:00:00","modified_gmt":"2026-04-27T04:00:00","slug":"omsa-inicia-nueva-etapa-con-15-autobuses-renovados","status":"publish","type":"post","link":"https:\/\/ermdigital.com\/index.php\/2026\/04\/27\/omsa-inicia-nueva-etapa-con-15-autobuses-renovados\/","title":{"rendered":"OMSA inicia nueva etapa con 15 autobuses renovados\u00a0"},"content":{"rendered":"<p>&lt;![CDATA[<\/p>\n<p>La Operadora Metropolitana de Servicios de Autobuses (<b>OMS<\/b>) inici\u00f3 ayer domingo 26 de abril su nueva etapa, que contar\u00e1 con <b>15 autobuses renovados<\/b> en el <b>Corredor 27 de Febrero,<\/b> los cuales contar\u00e1n con el pago electr\u00f3nico integrado.<\/p>\n<p><a href=\"https:\/\/listindiario.com\/la-republica\/ciudad\/20260427\/omsa-inicia-nueva-etapa-15-autobuses-renovados_903372.html\">wf_cms.rss.read_more<\/a><\/p>\n<p>]]&gt;<\/p>\n<p>\u200bEl director de la OMSA adelant\u00f3 la implementaci\u00f3n junto con el Ministerio de Turismo de autobuses el\u00e9ctricos, con un primer corredor tur\u00edstico que iniciar\u00e1 operaciones en junio, y que ser\u00e1 operado por mujeres conductoras capacitadas.\u00a0\u00a0Ciudad\u00a0<\/p>\n","protected":false},"excerpt":{"rendered":"<p>&lt;![CDATA[ La Operadora Metropolitana de Servicios de Autobuses (OMS) inici\u00f3 ayer domingo 26 de abril su nueva etapa, que contar\u00e1 con 15 autobuses renovados en el Corredor 27 de Febrero, los cuales contar\u00e1n con el pago electr\u00f3nico integrado. wf_cms.rss.read_more ]]&gt; \u200bEl director de la OMSA adelant\u00f3 la implementaci\u00f3n junto con el Ministerio de Turismo de [&hellip;]<\/p>\n","protected":false},"author":1,"featured_media":24866,"comment_status":"open","ping_status":"open","sticky":false,"template":"","format":"standard","meta":{"amp_status":"","footnotes":""},"categories":[5],"tags":[],"class_list":["post-24865","post","type-post","status-publish","format-standard","has-post-thumbnail","hentry","category-politica"],"_links":{"self":[{"href":"https:\/\/ermdigital.com\/index.php\/wp-json\/wp\/v2\/posts\/24865","targetHints":{"allow":["GET"]}}],"collection":[{"href":"https:\/\/ermdigital.com\/index.php\/wp-json\/wp\/v2\/posts"}],"about":[{"href":"https:\/\/ermdigital.com\/index.php\/wp-json\/wp\/v2\/types\/post"}],"author":[{"embeddable":true,"href":"https:\/\/ermdigital.com\/index.php\/wp-json\/wp\/v2\/users\/1"}],"replies":[{"embeddable":true,"href":"https:\/\/ermdigital.com\/index.php\/wp-json\/wp\/v2\/comments?post=24865"}],"version-history":[{"count":0,"href":"https:\/\/ermdigital.com\/index.php\/wp-json\/wp\/v2\/posts\/24865\/revisions"}],"wp:featuredmedia":[{"embeddable":true,"href":"https:\/\/ermdigital.com\/index.php\/wp-json\/wp\/v2\/media\/24866"}],"wp:attachment":[{"href":"https:\/\/ermdigital.com\/index.php\/wp-json\/wp\/v2\/media?parent=24865"}],"wp:term":[{"taxonomy":"category","embeddable":true,"href":"https:\/\/ermdigital.com\/index.php\/wp-json\/wp\/v2\/categories?post=24865"},{"taxonomy":"post_tag","embeddable":true,"href":"https:\/\/ermdigital.com\/index.php\/wp-json\/wp\/v2\/tags?post=24865"}],"curies":[{"name":"wp","href":"https:\/\/api.w.org\/{rel}","templated":true}]}}