{"id":24863,"date":"2026-04-27T00:00:00","date_gmt":"2026-04-27T04:00:00","guid":{"rendered":"https:\/\/ermdigital.com\/index.php\/2026\/04\/27\/abinader-inaugura-circuito-vial-bajo-yuna-y-otras-obras-en-el-nordeste\/"},"modified":"2026-04-27T00:00:00","modified_gmt":"2026-04-27T04:00:00","slug":"abinader-inaugura-circuito-vial-bajo-yuna-y-otras-obras-en-el-nordeste","status":"publish","type":"post","link":"https:\/\/ermdigital.com\/index.php\/2026\/04\/27\/abinader-inaugura-circuito-vial-bajo-yuna-y-otras-obras-en-el-nordeste\/","title":{"rendered":"Abinader inaugura Circuito Vial Bajo Yuna y otras obras en el Nordeste\u00a0"},"content":{"rendered":"<p>&lt;![CDATA[<\/p>\n<p>El presidente Luis Abinader encabez\u00f3 la inauguraci\u00f3n del Circuito Vial Bajo Yuna que abarca una totalidad de 49.2 kil\u00f3metros y crea una conexi\u00f3n entre las provincias Duarte y Mar\u00eda Trinidad S\u00e1nchez, y que, adem\u00e1s de ampliar la movilidad entre comunidades aisladas, fortalece el intercambio comercial de importantes rubros como el arroz y el cacao.<\/p>\n<p><a href=\"https:\/\/listindiario.com\/la-republica\/gobierno\/20260427\/abinader-inaugura-circuito-vial-yuna-obras-nordeste_903388.html\">wf_cms.rss.read_more<\/a><\/p>\n<p>]]&gt;<\/p>\n<p>\u200bEl presidente Luis Abinader encabez\u00f3 la inauguraci\u00f3n del Circuito Vial Bajo Yuna que abarca una totalidad de 49.2 kil\u00f3metros y crea una cone\u00a0\u00a0Gobierno\u00a0<\/p>\n","protected":false},"excerpt":{"rendered":"<p>&lt;![CDATA[ El presidente Luis Abinader encabez\u00f3 la inauguraci\u00f3n del Circuito Vial Bajo Yuna que abarca una totalidad de 49.2 kil\u00f3metros y crea una conexi\u00f3n entre las provincias Duarte y Mar\u00eda Trinidad S\u00e1nchez, y que, adem\u00e1s de ampliar la movilidad entre comunidades aisladas, fortalece el intercambio comercial de importantes rubros como el arroz y el cacao. [&hellip;]<\/p>\n","protected":false},"author":1,"featured_media":24864,"comment_status":"open","ping_status":"open","sticky":false,"template":"","format":"standard","meta":{"amp_status":"","footnotes":""},"categories":[5],"tags":[],"class_list":["post-24863","post","type-post","status-publish","format-standard","has-post-thumbnail","hentry","category-politica"],"_links":{"self":[{"href":"https:\/\/ermdigital.com\/index.php\/wp-json\/wp\/v2\/posts\/24863","targetHints":{"allow":["GET"]}}],"collection":[{"href":"https:\/\/ermdigital.com\/index.php\/wp-json\/wp\/v2\/posts"}],"about":[{"href":"https:\/\/ermdigital.com\/index.php\/wp-json\/wp\/v2\/types\/post"}],"author":[{"embeddable":true,"href":"https:\/\/ermdigital.com\/index.php\/wp-json\/wp\/v2\/users\/1"}],"replies":[{"embeddable":true,"href":"https:\/\/ermdigital.com\/index.php\/wp-json\/wp\/v2\/comments?post=24863"}],"version-history":[{"count":0,"href":"https:\/\/ermdigital.com\/index.php\/wp-json\/wp\/v2\/posts\/24863\/revisions"}],"wp:featuredmedia":[{"embeddable":true,"href":"https:\/\/ermdigital.com\/index.php\/wp-json\/wp\/v2\/media\/24864"}],"wp:attachment":[{"href":"https:\/\/ermdigital.com\/index.php\/wp-json\/wp\/v2\/media?parent=24863"}],"wp:term":[{"taxonomy":"category","embeddable":true,"href":"https:\/\/ermdigital.com\/index.php\/wp-json\/wp\/v2\/categories?post=24863"},{"taxonomy":"post_tag","embeddable":true,"href":"https:\/\/ermdigital.com\/index.php\/wp-json\/wp\/v2\/tags?post=24863"}],"curies":[{"name":"wp","href":"https:\/\/api.w.org\/{rel}","templated":true}]}}