{"id":24861,"date":"2026-04-27T00:00:00","date_gmt":"2026-04-27T04:00:00","guid":{"rendered":"https:\/\/ermdigital.com\/index.php\/2026\/04\/27\/encuentran-cuerpos-de-dos-personas-ahogas-tras-intensas-lluvias-en-el-noroeste\/"},"modified":"2026-04-27T00:00:00","modified_gmt":"2026-04-27T04:00:00","slug":"encuentran-cuerpos-de-dos-personas-ahogas-tras-intensas-lluvias-en-el-noroeste","status":"publish","type":"post","link":"https:\/\/ermdigital.com\/index.php\/2026\/04\/27\/encuentran-cuerpos-de-dos-personas-ahogas-tras-intensas-lluvias-en-el-noroeste\/","title":{"rendered":"Encuentran cuerpos de dos personas ahogas tras intensas lluvias en el noroeste\u00a0"},"content":{"rendered":"<p>&lt;![CDATA[<\/p>\n<p>Dos cuerpos sin vida fueron encontrados en distintos puntos de la regi\u00f3n noroeste del pa\u00eds, luego de las intensas lluvias registradas en las \u00faltimas horas, informaron las autoridades.<\/p>\n<p><a href=\"https:\/\/listindiario.com\/la-republica\/provincias\/20260427\/encuentran-dos-cuerpos-intensas-lluvias-region-noroeste_903395.html\">wf_cms.rss.read_more<\/a><\/p>\n<p>]]&gt;<\/p>\n<p>\u200bDos cuerpos sin vida fueron encontrados en distintos puntos de la regi\u00f3n noroeste del pa\u00eds, luego de las intensas lluvias registradas en las\u00a0\u00a0Provincias\u00a0<\/p>\n","protected":false},"excerpt":{"rendered":"<p>&lt;![CDATA[ Dos cuerpos sin vida fueron encontrados en distintos puntos de la regi\u00f3n noroeste del pa\u00eds, luego de las intensas lluvias registradas en las \u00faltimas horas, informaron las autoridades. wf_cms.rss.read_more ]]&gt; \u200bDos cuerpos sin vida fueron encontrados en distintos puntos de la regi\u00f3n noroeste del pa\u00eds, luego de las intensas lluvias registradas en las\u00a0\u00a0Provincias\u00a0<\/p>\n","protected":false},"author":1,"featured_media":24862,"comment_status":"open","ping_status":"open","sticky":false,"template":"","format":"standard","meta":{"amp_status":"","footnotes":""},"categories":[5],"tags":[],"class_list":["post-24861","post","type-post","status-publish","format-standard","has-post-thumbnail","hentry","category-politica"],"_links":{"self":[{"href":"https:\/\/ermdigital.com\/index.php\/wp-json\/wp\/v2\/posts\/24861","targetHints":{"allow":["GET"]}}],"collection":[{"href":"https:\/\/ermdigital.com\/index.php\/wp-json\/wp\/v2\/posts"}],"about":[{"href":"https:\/\/ermdigital.com\/index.php\/wp-json\/wp\/v2\/types\/post"}],"author":[{"embeddable":true,"href":"https:\/\/ermdigital.com\/index.php\/wp-json\/wp\/v2\/users\/1"}],"replies":[{"embeddable":true,"href":"https:\/\/ermdigital.com\/index.php\/wp-json\/wp\/v2\/comments?post=24861"}],"version-history":[{"count":0,"href":"https:\/\/ermdigital.com\/index.php\/wp-json\/wp\/v2\/posts\/24861\/revisions"}],"wp:featuredmedia":[{"embeddable":true,"href":"https:\/\/ermdigital.com\/index.php\/wp-json\/wp\/v2\/media\/24862"}],"wp:attachment":[{"href":"https:\/\/ermdigital.com\/index.php\/wp-json\/wp\/v2\/media?parent=24861"}],"wp:term":[{"taxonomy":"category","embeddable":true,"href":"https:\/\/ermdigital.com\/index.php\/wp-json\/wp\/v2\/categories?post=24861"},{"taxonomy":"post_tag","embeddable":true,"href":"https:\/\/ermdigital.com\/index.php\/wp-json\/wp\/v2\/tags?post=24861"}],"curies":[{"name":"wp","href":"https:\/\/api.w.org\/{rel}","templated":true}]}}