{"id":24853,"date":"2026-04-26T23:01:38","date_gmt":"2026-04-27T03:01:38","guid":{"rendered":"https:\/\/ermdigital.com\/index.php\/2026\/04\/26\/jean-alain-rodriguez-regresa-al-pais-tras-evaluacion-medica-en-espana\/"},"modified":"2026-04-26T23:01:38","modified_gmt":"2026-04-27T03:01:38","slug":"jean-alain-rodriguez-regresa-al-pais-tras-evaluacion-medica-en-espana","status":"publish","type":"post","link":"https:\/\/ermdigital.com\/index.php\/2026\/04\/26\/jean-alain-rodriguez-regresa-al-pais-tras-evaluacion-medica-en-espana\/","title":{"rendered":"Jean Alain Rodr\u00edguez regresa al pa\u00eds tras evaluaci\u00f3n m\u00e9dica en Espa\u00f1a\u00a0"},"content":{"rendered":"<p>&lt;![CDATA[<\/p>\n<p>El exprocurador general de la Rep\u00fablica, Jean Alain Rodr\u00edguez S\u00e1nchez, regres\u00f3 al pa\u00eds este domingo procedente de Madrid, Espa\u00f1a, luego de agotar un viaje autorizado por la justicia dominicana para someterse a evaluaciones m\u00e9dicas especializadas.<\/p>\n<p><a href=\"https:\/\/listindiario.com\/la-republica\/20260426\/jean-alain-rodriguez-regresa-pais-evaluacion-medica-espana_903354.html\">wf_cms.rss.read_more<\/a><\/p>\n<p>]]&gt;<\/p>\n<p>\u200bSu llegada se produjo por el Aeropuerto Internacional de Las Am\u00e9ricas, Jos\u00e9 Francisco Pe\u00f1a G\u00f3mez (AILA), a bordo de un vuelo de la aerol\u00ednea espa\u00f1ola Iberia.\u00a0\u00a0La Rep\u00fablica\u00a0<\/p>\n","protected":false},"excerpt":{"rendered":"<p>&lt;![CDATA[ El exprocurador general de la Rep\u00fablica, Jean Alain Rodr\u00edguez S\u00e1nchez, regres\u00f3 al pa\u00eds este domingo procedente de Madrid, Espa\u00f1a, luego de agotar un viaje autorizado por la justicia dominicana para someterse a evaluaciones m\u00e9dicas especializadas. wf_cms.rss.read_more ]]&gt; \u200bSu llegada se produjo por el Aeropuerto Internacional de Las Am\u00e9ricas, Jos\u00e9 Francisco Pe\u00f1a G\u00f3mez (AILA), a [&hellip;]<\/p>\n","protected":false},"author":1,"featured_media":24854,"comment_status":"open","ping_status":"open","sticky":false,"template":"","format":"standard","meta":{"amp_status":"","footnotes":""},"categories":[5],"tags":[],"class_list":["post-24853","post","type-post","status-publish","format-standard","has-post-thumbnail","hentry","category-politica"],"_links":{"self":[{"href":"https:\/\/ermdigital.com\/index.php\/wp-json\/wp\/v2\/posts\/24853","targetHints":{"allow":["GET"]}}],"collection":[{"href":"https:\/\/ermdigital.com\/index.php\/wp-json\/wp\/v2\/posts"}],"about":[{"href":"https:\/\/ermdigital.com\/index.php\/wp-json\/wp\/v2\/types\/post"}],"author":[{"embeddable":true,"href":"https:\/\/ermdigital.com\/index.php\/wp-json\/wp\/v2\/users\/1"}],"replies":[{"embeddable":true,"href":"https:\/\/ermdigital.com\/index.php\/wp-json\/wp\/v2\/comments?post=24853"}],"version-history":[{"count":0,"href":"https:\/\/ermdigital.com\/index.php\/wp-json\/wp\/v2\/posts\/24853\/revisions"}],"wp:featuredmedia":[{"embeddable":true,"href":"https:\/\/ermdigital.com\/index.php\/wp-json\/wp\/v2\/media\/24854"}],"wp:attachment":[{"href":"https:\/\/ermdigital.com\/index.php\/wp-json\/wp\/v2\/media?parent=24853"}],"wp:term":[{"taxonomy":"category","embeddable":true,"href":"https:\/\/ermdigital.com\/index.php\/wp-json\/wp\/v2\/categories?post=24853"},{"taxonomy":"post_tag","embeddable":true,"href":"https:\/\/ermdigital.com\/index.php\/wp-json\/wp\/v2\/tags?post=24853"}],"curies":[{"name":"wp","href":"https:\/\/api.w.org\/{rel}","templated":true}]}}