{"id":24847,"date":"2026-04-26T21:50:00","date_gmt":"2026-04-27T01:50:00","guid":{"rendered":"https:\/\/ermdigital.com\/index.php\/2026\/04\/26\/padre-e-hija-resultan-heridos-en-accidente-de-transito-en-carretera-hato-mayor-san-pedro\/"},"modified":"2026-04-26T21:50:00","modified_gmt":"2026-04-27T01:50:00","slug":"padre-e-hija-resultan-heridos-en-accidente-de-transito-en-carretera-hato-mayor-san-pedro","status":"publish","type":"post","link":"https:\/\/ermdigital.com\/index.php\/2026\/04\/26\/padre-e-hija-resultan-heridos-en-accidente-de-transito-en-carretera-hato-mayor-san-pedro\/","title":{"rendered":"Padre e hija resultan heridos en accidente de tr\u00e1nsito en carretera Hato Mayor\u2013San Pedro"},"content":{"rendered":"<p><strong>Hato Mayor.\u2013 <\/strong>Un hombre y su hija de 10 a\u00f1os resultaron lesionados tras verse involucrados en un accidente de tr\u00e1nsito registrado este domingo en la carretera Hato Mayor\u2013San Pedro de Macor\u00eds, en las proximidades de la conocida curva de las caba\u00f1as.<\/p>\n<p>Las v\u00edctimas fueron identificadas como Francisco Gabriel Pacheco, de 30 a\u00f1os, y su hija Vianny Pacheco Mej\u00eda, quienes residen en la comunidad Los Hatillos, del distrito municipal Guayabo Dulce.<\/p>\n<p>De acuerdo con el informe preliminar, ambos se desplazaban en una motocicleta cuando colisionaron con una camioneta en circunstancias que a\u00fan se encuentran bajo investigaci\u00f3n.<\/p>\n<p>El hombre sufri\u00f3 un trauma en la cabeza y una herida de consideraci\u00f3n en la frente, por lo que fue ingresado en estado delicado en el \u00e1rea de emergencia. Mientras que la menor presenta lesiones en la barbilla, adem\u00e1s de fracturas en una pierna y un brazo.<\/p>\n<h4 class=\"wp-block-heading\"><strong>Recomendamos leer: <a href=\"https:\/\/deultimominuto.net\/enlaces\/\" data-type=\"page\" data-id=\"491852\">Hombre buscado por asalto a envejeciente muere tras enfrentamiento con la Polic\u00eda en Pantoja<\/a><\/strong><a href=\"https:\/\/deultimominuto.net\/category\/nacionales\/\"><\/a><\/h4>\n<p>El otro veh\u00edculo involucrado es una camioneta color blanco, cuyo conductor result\u00f3 ileso.<\/p>\n<p>Al lugar acudieron unidades del Sistema Nacional de Emergencias 911, agentes de la Polic\u00eda Nacional, la Direcci\u00f3n General de Seguridad de Tr\u00e1nsito y Transporte Terrestre (Digesett), miembros del Cuerpo de Bomberos y personal de asistencia vial.<\/p>\n<p>Las autoridades realizaron el levantamiento de la escena y procedieron a retirar los veh\u00edculos de la v\u00eda para restablecer el tr\u00e1nsito.<\/p>\n<p>El caso permanece bajo investigaci\u00f3n para esclarecer las circunstancias del accidente.<\/p>\n<p>\u200bHato Mayor.\u2013 Un hombre y su hija de 10 a\u00f1os resultaron lesionados tras verse involucrados en un accidente de tr\u00e1nsito registrado este domingo en la carretera Hato Mayor\u2013San Pedro de Macor\u00eds, en las proximidades de la conocida curva de las caba\u00f1as. Las v\u00edctimas fueron identificadas como Francisco Gabriel Pacheco, de 30 a\u00f1os, y su hija\u00a0\u00a0Nacionales, Accidente, Hato Mayor\u00a0\u00a0<\/p>\n","protected":false},"excerpt":{"rendered":"<p>Hato Mayor.\u2013 Un hombre y su hija de 10 a\u00f1os resultaron lesionados tras verse involucrados en un accidente de tr\u00e1nsito registrado este domingo en la carretera Hato Mayor\u2013San Pedro de Macor\u00eds, en las proximidades de la conocida curva de las caba\u00f1as. Las v\u00edctimas fueron identificadas como Francisco Gabriel Pacheco, de 30 a\u00f1os, y su hija [&hellip;]<\/p>\n","protected":false},"author":1,"featured_media":24848,"comment_status":"open","ping_status":"open","sticky":false,"template":"","format":"standard","meta":{"amp_status":"","footnotes":""},"categories":[3],"tags":[],"class_list":["post-24847","post","type-post","status-publish","format-standard","has-post-thumbnail","hentry","category-de-ultimo-minuto"],"_links":{"self":[{"href":"https:\/\/ermdigital.com\/index.php\/wp-json\/wp\/v2\/posts\/24847","targetHints":{"allow":["GET"]}}],"collection":[{"href":"https:\/\/ermdigital.com\/index.php\/wp-json\/wp\/v2\/posts"}],"about":[{"href":"https:\/\/ermdigital.com\/index.php\/wp-json\/wp\/v2\/types\/post"}],"author":[{"embeddable":true,"href":"https:\/\/ermdigital.com\/index.php\/wp-json\/wp\/v2\/users\/1"}],"replies":[{"embeddable":true,"href":"https:\/\/ermdigital.com\/index.php\/wp-json\/wp\/v2\/comments?post=24847"}],"version-history":[{"count":0,"href":"https:\/\/ermdigital.com\/index.php\/wp-json\/wp\/v2\/posts\/24847\/revisions"}],"wp:featuredmedia":[{"embeddable":true,"href":"https:\/\/ermdigital.com\/index.php\/wp-json\/wp\/v2\/media\/24848"}],"wp:attachment":[{"href":"https:\/\/ermdigital.com\/index.php\/wp-json\/wp\/v2\/media?parent=24847"}],"wp:term":[{"taxonomy":"category","embeddable":true,"href":"https:\/\/ermdigital.com\/index.php\/wp-json\/wp\/v2\/categories?post=24847"},{"taxonomy":"post_tag","embeddable":true,"href":"https:\/\/ermdigital.com\/index.php\/wp-json\/wp\/v2\/tags?post=24847"}],"curies":[{"name":"wp","href":"https:\/\/api.w.org\/{rel}","templated":true}]}}