{"id":24815,"date":"2025-09-17T13:13:46","date_gmt":"2025-09-17T17:13:46","guid":{"rendered":"https:\/\/ermdigital.com\/index.php\/2025\/09\/17\/confenagro-invita-a-su-4-o-congreso-nacional-de-productores-agropecuarios-en-punta-cana\/"},"modified":"2025-09-17T13:13:46","modified_gmt":"2025-09-17T17:13:46","slug":"confenagro-invita-a-su-4-o-congreso-nacional-de-productores-agropecuarios-en-punta-cana","status":"publish","type":"post","link":"https:\/\/ermdigital.com\/index.php\/2025\/09\/17\/confenagro-invita-a-su-4-o-congreso-nacional-de-productores-agropecuarios-en-punta-cana\/","title":{"rendered":"CONFENAGRO invita a su 4.\u00ba congreso nacional de productores agropecuarios en Punta Cana"},"content":{"rendered":"<h3 class=\"wp-block-heading\"><strong>CONFENAGRO anuncia Congreso Nacional de Productores Agropecuarios <\/strong><\/h3>\n<p><strong>Punta Cana, Rep\u00fablica Dominicana<\/strong> \u2013 La Confederaci\u00f3n Nacional de Productores Agropecuarios (CONFENAGRO) celebrar\u00e1 su cuarto  <strong>Congreso Nacional de Productores Agropecuarios<\/strong> del <strong>24 al 26 de octubre de 2025<\/strong> en el <strong>Hard Rock Hotel<\/strong> de Punta Cana, con el objetivo de impulsar el desarrollo del sector agropecuario dominicano.<\/p>\n<p>Bajo el lema <strong>\u201cSin producci\u00f3n no hay naci\u00f3n\u201d<\/strong>, el evento reunir\u00e1 a <strong>productores, expertos, j\u00f3venes profesionales y l\u00edderes del agro nacional<\/strong> en un espacio dise\u00f1ado para debatir propuestas, compartir experiencias e identificar soluciones que fortalezcan la sostenibilidad y competitividad del campo dominicano.<\/p>\n<p>Seg\u00fan los organizadores, el congreso se centrar\u00e1 en temas clave como la <strong>innovaci\u00f3n tecnol\u00f3gica<\/strong>, las <strong>oportunidades para nuevos mercados<\/strong>, la <strong>participaci\u00f3n activa de la juventud rural<\/strong>, y el papel fundamental del sector agropecuario en la seguridad alimentaria y el desarrollo econ\u00f3mico del pa\u00eds.<\/p>\n<figure class=\"wp-block-image size-full\"><img decoding=\"async\" loading=\"lazy\" width=\"484\" height=\"653\" src=\"https:\/\/diarioagropecuario.com\/wp-content\/uploads\/2025\/09\/WhatsApp-Image-2025-09-17-at-1.02.14-PM.jpeg\" alt=\"\" class=\"wp-image-3902\"><\/figure>\n<blockquote class=\"wp-block-quote\">\n<p>\u201cEste congreso representa una gran oportunidad para repensar el presente y proyectar el futuro de la producci\u00f3n nacional. Apostamos a un agro m\u00e1s moderno, sostenible y conectado con las nuevas generaciones\u201d, expresaron representantes de CONFENAGRO.<\/p>\n<\/blockquote>\n<h3 class=\"wp-block-heading\">Conexi\u00f3n y oportunidades<\/h3>\n<p>Durante los tres d\u00edas del evento, los participantes podr\u00e1n establecer redes de colaboraci\u00f3n, conocer experiencias exitosas y recibir orientaci\u00f3n de expertos nacionales e internacionales. El congreso busca convertirse en un punto de encuentro estrat\u00e9gico para todos los actores del ecosistema agropecuario.<\/p>\n<h3 class=\"wp-block-heading\">\u00bfC\u00f3mo participar?<\/h3>\n<p>Los interesados pueden obtener m\u00e1s informaci\u00f3n a trav\u00e9s del tel\u00e9fono <strong>809-533-9710<\/strong> o escribiendo al correo electr\u00f3nico <strong><a>confenagroadm@gmail.com<\/a><\/strong>. CONFENAGRO tambi\u00e9n estar\u00e1 compartiendo actualizaciones en su cuenta oficial de Instagram.<\/p>\n<figure class=\"wp-block-image size-large\"><img decoding=\"async\" loading=\"lazy\" width=\"1024\" height=\"460\" src=\"https:\/\/diarioagropecuario.com\/wp-content\/uploads\/2025\/09\/WhatsApp-Image-2025-09-17-at-12.58.40-PM-1-1024x460.jpeg\" alt=\"\" class=\"wp-image-3906\"><\/figure>\n<p>U<strong>n momento hist\u00f3rico: productores, autoridades y j\u00f3venes se unen en el 3er Congreso de CONFENAGRO, sembrando futuro y cosechando l<\/strong>ogros 2024. Im\u00e1genes de archivo Diario agropecuario .<\/p>\n<figure class=\"wp-block-image size-large\"><img decoding=\"async\" loading=\"lazy\" width=\"1024\" height=\"576\" src=\"https:\/\/diarioagropecuario.com\/wp-content\/uploads\/2025\/09\/3ER-CONGRESO-DE-LA-CONFEDERACION-NACIONAL-DE-PRODUCTORES-AGRICOLAS-3-1024x576.jpeg\" alt=\"\" class=\"wp-image-3911\"><\/figure>\n<p>im\u00e1genes de archivo de Diario agropecuario del Tercer Congreso de CONFENAGRO 2024<\/p>\n<p>La entrada <a rel=\"nofollow\" href=\"https:\/\/diarioagropecuario.com\/2025\/09\/confenagro-invita-a-su-4-o-congreso-nacional-de-productores-agropecuarios-en-punta-cana\/\">CONFENAGRO invita a su 4.\u00ba congreso nacional de productores agropecuarios en Punta Cana<\/a> se public\u00f3 primero en <a rel=\"nofollow\" href=\"https:\/\/diarioagropecuario.com\/\">Diario Agropecuario<\/a>.<\/p>\n<p>\u200bCONFENAGRO<br \/>\nLa entrada CONFENAGRO invita a su 4.\u00ba congreso nacional de productores agropecuarios en Punta Cana se public\u00f3 primero en Diario Agropecuario.\u00a0\u00a0Agropecuaria, Primera Plana, Agricultura, Confenagro, Cuarto congreso 2025, RD\u00a0<\/p>\n","protected":false},"excerpt":{"rendered":"<p>CONFENAGRO anuncia Congreso Nacional de Productores Agropecuarios Punta Cana, Rep\u00fablica Dominicana \u2013 La Confederaci\u00f3n Nacional de Productores Agropecuarios (CONFENAGRO) celebrar\u00e1 su cuarto Congreso Nacional de Productores Agropecuarios del 24 al 26 de octubre de 2025 en el Hard Rock Hotel de Punta Cana, con el objetivo de impulsar el desarrollo del sector agropecuario dominicano. Bajo [&hellip;]<\/p>\n","protected":false},"author":1,"featured_media":24816,"comment_status":"open","ping_status":"open","sticky":false,"template":"","format":"standard","meta":{"amp_status":"","footnotes":""},"categories":[24],"tags":[],"class_list":["post-24815","post","type-post","status-publish","format-standard","has-post-thumbnail","hentry","category-turismo"],"_links":{"self":[{"href":"https:\/\/ermdigital.com\/index.php\/wp-json\/wp\/v2\/posts\/24815","targetHints":{"allow":["GET"]}}],"collection":[{"href":"https:\/\/ermdigital.com\/index.php\/wp-json\/wp\/v2\/posts"}],"about":[{"href":"https:\/\/ermdigital.com\/index.php\/wp-json\/wp\/v2\/types\/post"}],"author":[{"embeddable":true,"href":"https:\/\/ermdigital.com\/index.php\/wp-json\/wp\/v2\/users\/1"}],"replies":[{"embeddable":true,"href":"https:\/\/ermdigital.com\/index.php\/wp-json\/wp\/v2\/comments?post=24815"}],"version-history":[{"count":0,"href":"https:\/\/ermdigital.com\/index.php\/wp-json\/wp\/v2\/posts\/24815\/revisions"}],"wp:featuredmedia":[{"embeddable":true,"href":"https:\/\/ermdigital.com\/index.php\/wp-json\/wp\/v2\/media\/24816"}],"wp:attachment":[{"href":"https:\/\/ermdigital.com\/index.php\/wp-json\/wp\/v2\/media?parent=24815"}],"wp:term":[{"taxonomy":"category","embeddable":true,"href":"https:\/\/ermdigital.com\/index.php\/wp-json\/wp\/v2\/categories?post=24815"},{"taxonomy":"post_tag","embeddable":true,"href":"https:\/\/ermdigital.com\/index.php\/wp-json\/wp\/v2\/tags?post=24815"}],"curies":[{"name":"wp","href":"https:\/\/api.w.org\/{rel}","templated":true}]}}