{"id":24814,"date":"2025-09-26T17:24:00","date_gmt":"2025-09-26T21:24:00","guid":{"rendered":"https:\/\/ermdigital.com\/index.php\/2025\/09\/26\/hecmilio-galvan-resalta-potencial-de-la-provincia-barahona\/"},"modified":"2025-09-26T17:24:00","modified_gmt":"2025-09-26T21:24:00","slug":"hecmilio-galvan-resalta-potencial-de-la-provincia-barahona","status":"publish","type":"post","link":"https:\/\/ermdigital.com\/index.php\/2025\/09\/26\/hecmilio-galvan-resalta-potencial-de-la-provincia-barahona\/","title":{"rendered":"Hecmilio Galv\u00e1n resalta potencial de la provincia Barahona"},"content":{"rendered":"<p>El director del Fondo Especial para el Desarrollo Agropecuario (FEDA), Hecmilio Galv\u00e1n, recorri\u00f3 la provincia de Barahona, impulsando los diferentes programas de la instituci\u00f3n entre los que se destacan la arborizaci\u00f3n urbana, siembra t\u00fa pueblo, el Programa de Impulso al Emprendimiento de la Mujer del Campo, Madres del Campo y el Programa de Impulso a la Agroecolog\u00eda, Salvando Las Monta\u00f1as, entre otros, como parte de la d\u00e9cima Ruta Larimar.<\/p>\n<p>Galv\u00e1n destac\u00f3 la diversidad clim\u00e1tica y geogr\u00e1fica de la provincia de Barahona, la cual tiene desde \u201chermosas playas y vistas, hasta valles f\u00e9rtiles y monta\u00f1as fr\u00edas\u201d.<\/p>\n<p>As\u00ed mismo, indic\u00f3 que Barahona es una provincia muy productiva con la ganader\u00eda, el pl\u00e1tano, caf\u00e9, cacao, el turismo, el comercio, la pesca y la miner\u00eda -con la piedra nacional el larimar-, lo que la hace un destino fundamental para el desarrollo del pa\u00eds.<\/p>\n<p>Por eso, Galv\u00e1n dijo que desarroll\u00f3 un recorrido de dos d\u00edas por diversas comunidades en la regi\u00f3n sur, donde se desarrollaron actividades de donaci\u00f3n de pl\u00e1ntulas, pollitas ponedoras para mujeres, actividades de capacitaci\u00f3n en agroecolog\u00eda, entrega de herramientas a productores, arborizaci\u00f3n, y el lanzamiento de diversos programas comunitarios.<\/p>\n<p>La jornada inici\u00f3 en el municipio, Jaquimeyes, con una capacitaci\u00f3n en agroecolog\u00eda y donaci\u00f3n de herramientas a los agricultores en el ayuntamiento municipal, y de manera simult\u00e1nea, en el sector La Bombita se puso en marcha el programa siembra t\u00fa patio.<\/p>\n<p>Ese mismo d\u00eda, la Ruta Larimar incluy\u00f3 el lanzamiento del Plan FEDA en T\u00fa Comunidad en el municipio, Vicente Noble, la entrega de pl\u00e1ntulas para arborizaci\u00f3n en Jaquimeyes, as\u00ed como la continuaci\u00f3n de las capacitaciones en el distrito municipal de Fondo Negro y la comunidad de Arroyo Grande, en horas de la tarde, en Palo Alto, se realiz\u00f3 el programa Siembra T\u00fa Patio, dirigido a toda la familia.<\/p>\n<p>Adem\u00e1s, como actividad cumbre se realiz\u00f3 el lanzamiento del plan salvando las monta\u00f1as en La Cueva de Cabral, donde se donaron 30,000 pl\u00e1ntulas de caf\u00e9 y 3,000 pl\u00e1ntulas de naranja agria, con el objetivo de reactivar la producci\u00f3n agr\u00edcola de estas comunidades.<\/p>\n<p>Las actividades se trasladaron al municipio de Salinas, con el lanzamiento del Plan FEDA en T\u00fa Comunidad, seguido del Plan Madres del Campo, en el distrito municipal La Gu\u00e1zara, y la capacitaci\u00f3n en Agroecolog\u00eda en El Arroyo, de manera simult\u00e1nea, en el municipio de Polo, se desarroll\u00f3 el lanzamiento del Plan Madres del Campo en el Polideportivo, dentro del marco del Programa Siembra T\u00fa Pueblo, para iniciar la arborizaci\u00f3n.<\/p>\n<p>El director del FEDA, Hecmilio Galv\u00e1n, destac\u00f3 la importancia de la provincia en que la Ruta Larimar representa un esfuerzo institucional para llevar apoyo directo a las comunidades rurales, fortaleciendo la producci\u00f3n agr\u00edcola familiar, fomentando la arborizaci\u00f3n y creando condiciones para el desarrollo sostenible en la regi\u00f3n sur del pa\u00eds.<\/p>\n<p>\u201cCon estas acciones reafirmamos el compromiso del FEDA de apoyar a nuestros agricultores y de trabajar por comunidades m\u00e1s verdes, productivas y sostenibles\u201d, puntualiz\u00f3 Galv\u00e1n.<\/p>\n<p>\u201cComo FEDA, hemos venido 10 veces a esta provincia, la cual tiene un desarrollo agropecuario extraordinario, la ca\u00f1a m\u00e1s productiva de nuestro pa\u00eds, se siembra aqu\u00ed, as\u00ed como el pl\u00e1tano m\u00e1s rentable, es una ciudad comercial con una tradici\u00f3n important\u00edsima y como centro de comercio de la regi\u00f3n sur es de gran trascendencia\u201d, resalt\u00f3 Galv\u00e1n.<\/p>\n<p>La ruta concluy\u00f3 en el Ayuntamiento de Polo, con la Conferencia sobre la Importancia de la Arborizaci\u00f3n Urbana como Impulso al Desarrollo Local, en el marco del Plan Siembra T\u00fa Pueblo.<\/p>\n<\/p>\n<p>La entrada <a rel=\"nofollow\" href=\"https:\/\/diarioagropecuario.com\/2025\/09\/hecmilio-galvan-resalta-potencial-de-la-provincia-barahona\/\">Hecmilio Galv\u00e1n resalta potencial de la provincia Barahona<\/a> se public\u00f3 primero en <a rel=\"nofollow\" href=\"https:\/\/diarioagropecuario.com\/\">Diario Agropecuario<\/a>.<\/p>\n<p>\u200bEl director del Fondo Especial para el Desarrollo Agropecuario (FEDA), Hecmilio Galv\u00e1n, recorri\u00f3 la provincia de Barahona, impulsando los diferentes programas de la instituci\u00f3n entre los que se destacan la arborizaci\u00f3n urbana, siembra t\u00fa pueblo, el Programa de Impulso al Emprendimiento de la Mujer del Campo, Madres del Campo y el Programa de Impulso a<br \/>\nLa entrada Hecmilio Galv\u00e1n resalta potencial de la provincia Barahona se public\u00f3 primero en Diario Agropecuario.\u00a0\u00a0Agropecuaria, Barahona, FEDA\u00a0<\/p>\n","protected":false},"excerpt":{"rendered":"<p>El director del Fondo Especial para el Desarrollo Agropecuario (FEDA), Hecmilio Galv\u00e1n, recorri\u00f3 la provincia de Barahona, impulsando los diferentes programas de la instituci\u00f3n entre los que se destacan la arborizaci\u00f3n urbana, siembra t\u00fa pueblo, el Programa de Impulso al Emprendimiento de la Mujer del Campo, Madres del Campo y el Programa de Impulso a [&hellip;]<\/p>\n","protected":false},"author":1,"featured_media":0,"comment_status":"open","ping_status":"open","sticky":false,"template":"","format":"standard","meta":{"amp_status":"","footnotes":""},"categories":[24],"tags":[],"class_list":["post-24814","post","type-post","status-publish","format-standard","hentry","category-turismo"],"_links":{"self":[{"href":"https:\/\/ermdigital.com\/index.php\/wp-json\/wp\/v2\/posts\/24814","targetHints":{"allow":["GET"]}}],"collection":[{"href":"https:\/\/ermdigital.com\/index.php\/wp-json\/wp\/v2\/posts"}],"about":[{"href":"https:\/\/ermdigital.com\/index.php\/wp-json\/wp\/v2\/types\/post"}],"author":[{"embeddable":true,"href":"https:\/\/ermdigital.com\/index.php\/wp-json\/wp\/v2\/users\/1"}],"replies":[{"embeddable":true,"href":"https:\/\/ermdigital.com\/index.php\/wp-json\/wp\/v2\/comments?post=24814"}],"version-history":[{"count":0,"href":"https:\/\/ermdigital.com\/index.php\/wp-json\/wp\/v2\/posts\/24814\/revisions"}],"wp:attachment":[{"href":"https:\/\/ermdigital.com\/index.php\/wp-json\/wp\/v2\/media?parent=24814"}],"wp:term":[{"taxonomy":"category","embeddable":true,"href":"https:\/\/ermdigital.com\/index.php\/wp-json\/wp\/v2\/categories?post=24814"},{"taxonomy":"post_tag","embeddable":true,"href":"https:\/\/ermdigital.com\/index.php\/wp-json\/wp\/v2\/tags?post=24814"}],"curies":[{"name":"wp","href":"https:\/\/api.w.org\/{rel}","templated":true}]}}