{"id":24812,"date":"2025-10-01T16:36:45","date_gmt":"2025-10-01T20:36:45","guid":{"rendered":"https:\/\/ermdigital.com\/index.php\/2025\/10\/01\/confenagro-anuncia-su-4to-congreso-nacional-de-lideres-agropecuarios-centrado-en-la-innovacion-y-sostenibilidad-del-campo-dominicano\/"},"modified":"2025-10-01T16:36:45","modified_gmt":"2025-10-01T20:36:45","slug":"confenagro-anuncia-su-4to-congreso-nacional-de-lideres-agropecuarios-centrado-en-la-innovacion-y-sostenibilidad-del-campo-dominicano","status":"publish","type":"post","link":"https:\/\/ermdigital.com\/index.php\/2025\/10\/01\/confenagro-anuncia-su-4to-congreso-nacional-de-lideres-agropecuarios-centrado-en-la-innovacion-y-sostenibilidad-del-campo-dominicano\/","title":{"rendered":"CONFENAGRO anuncia su 4to Congreso Nacional de L\u00edderes Agropecuarios, centrado en la innovaci\u00f3n y sostenibilidad del campo dominicano"},"content":{"rendered":"<h3 class=\"wp-block-heading\">L\u00edderes agropecuarios se dar\u00e1n cita en Punta Cana para analizar retos y avances del sector<\/h3>\n<p><strong>Santo Domingo, R.D.<\/strong> \u2013 La Confederaci\u00f3n Nacional de Productores Agropecuarios (CONFENAGRO) anunci\u00f3 la realizaci\u00f3n de su <strong>4to Congreso Nacional de L\u00edderes Agropecuarios<\/strong>, a celebrarse del <strong>24 al 26 de octubre de 2025<\/strong> en el <strong>Hard Rock Hotel &amp; Casino Punta Cana<\/strong>. El evento reunir\u00e1 a representantes del sector agropecuario para analizar el estado actual de la innovaci\u00f3n en el agro, as\u00ed como los principales desaf\u00edos relacionados con la <strong>productividad, sostenibilidad y competitividad<\/strong> del campo dominicano.<\/p>\n<p>Durante una rueda de prensa encabezada por <strong>Wilfredo Cabrera<\/strong>, presidente de CONFENAGRO, se destac\u00f3 la importancia de impulsar soluciones estrat\u00e9gicas que permitan modernizar el sector frente a los retos que enfrenta el pa\u00eds, tales como el cambio clim\u00e1tico, el aumento de la demanda alimentaria, la necesidad de modernizaci\u00f3n tecnol\u00f3gica y la integraci\u00f3n de nuevos modelos productivos.<\/p>\n<blockquote class=\"wp-block-quote\">\n<p>\u201cEl sector agropecuario debe adaptarse a un mercado regional cada vez m\u00e1s din\u00e1mico. La innovaci\u00f3n, la sostenibilidad y la soberan\u00eda alimentaria son ejes fundamentales que abordaremos en este congreso\u201d, afirm\u00f3 Cabrera.<\/p>\n<\/blockquote>\n<p>Junto al presidente de la entidad estuvieron presentes <strong>Eric Rivero<\/strong>, vicepresidente de CONFENAGRO, as\u00ed como directivos y l\u00edderes del sector como <strong>Pelegr\u00edn Castillo, Claudio Fern\u00e1ndez, Jos\u00e9 J\u00e1quez, Fior Rodr\u00edguez y Rafael Bueno<\/strong>, entre otros.<\/p>\n<p>El congreso se desarrollar\u00e1 bajo el lema <strong>\u201cInnovaci\u00f3n Agropecuaria\u201d<\/strong>, y busca ser un espacio de reflexi\u00f3n, di\u00e1logo y formulaci\u00f3n de estrategias que fortalezcan el desarrollo rural y agroindustrial de Rep\u00fablica Dominicana.<\/p>\n<figure class=\"wp-block-image size-large\"><img decoding=\"async\" loading=\"lazy\" width=\"1024\" height=\"461\" src=\"https:\/\/diarioagropecuario.com\/wp-content\/uploads\/2025\/10\/WhatsApp-Image-2025-10-01-at-4.30.04-PM-1-1024x461.jpeg\" alt=\"\" class=\"wp-image-3919\"><\/figure>\n<h4 class=\"wp-block-heading\">Temas clave del congreso:<\/h4>\n<ul>\n<li>Diagn\u00f3stico del sector agropecuario nacional<\/li>\n<li>Rol del Estado en la transformaci\u00f3n agropecuaria<\/li>\n<li>Incorporaci\u00f3n de tecnolog\u00eda y sistemas de datos inteligentes<\/li>\n<li>Casos de \u00e9xito en innovaci\u00f3n agropecuaria a nivel nacional e internacional<\/li>\n<\/ul>\n<p>Adem\u00e1s, se anunci\u00f3 la designaci\u00f3n del destacado dirigente <strong>Pelegr\u00edn Castillo<\/strong> como <strong>Presidente de Honor del Congreso<\/strong>, en reconocimiento a su trayectoria de apoyo al desarrollo agropecuario y a su compromiso con pol\u00edticas p\u00fablicas orientadas a la soberan\u00eda alimentaria del pa\u00eds.<\/p>\n<p>El congreso reunir\u00e1 a <strong>productores, investigadores, autoridades gubernamentales, organismos internacionales y representantes del sector privado<\/strong>, quienes compartir\u00e1n experiencias, debatir\u00e1n soluciones y promover\u00e1n alianzas estrat\u00e9gicas para el fortalecimiento del sector agropecuario nacional.<\/p>\n<p>La entrada <a rel=\"nofollow\" href=\"https:\/\/diarioagropecuario.com\/2025\/10\/confenagro-anuncia-su-4to-congreso-nacional-de-lideres-agropecuarios-centrado-en-la-innovacion-y-sostenibilidad-del-campo-dominicano\/\">CONFENAGRO anuncia su 4to Congreso Nacional de L\u00edderes Agropecuarios, centrado en la innovaci\u00f3n y sostenibilidad del campo dominicano<\/a> se public\u00f3 primero en <a rel=\"nofollow\" href=\"https:\/\/diarioagropecuario.com\/\">Diario Agropecuario<\/a>.<\/p>\n<p>\u200bL\u00edderes agropecuarios se dar\u00e1n cita en Punta Cana para analizar retos y avances del sector Santo Domingo, R.D. \u2013 La Confederaci\u00f3n Nacional de Productores Agropecuarios (CONFENAGRO) anunci\u00f3 la realizaci\u00f3n de su 4to Congreso Nacional de L\u00edderes Agropecuarios, a celebrarse del 24 al 26 de octubre de 2025 en el Hard Rock Hotel &amp; Casino Punta<br \/>\nLa entrada CONFENAGRO anuncia su 4to Congreso Nacional de L\u00edderes Agropecuarios, centrado en la innovaci\u00f3n y sostenibilidad del campo dominicano se public\u00f3 primero en Diario Agropecuario.\u00a0\u00a0Agropecuaria, Confenagro, Cuarto congreso 2025\u00a0<\/p>\n","protected":false},"excerpt":{"rendered":"<p>L\u00edderes agropecuarios se dar\u00e1n cita en Punta Cana para analizar retos y avances del sector Santo Domingo, R.D. \u2013 La Confederaci\u00f3n Nacional de Productores Agropecuarios (CONFENAGRO) anunci\u00f3 la realizaci\u00f3n de su 4to Congreso Nacional de L\u00edderes Agropecuarios, a celebrarse del 24 al 26 de octubre de 2025 en el Hard Rock Hotel &amp; Casino Punta [&hellip;]<\/p>\n","protected":false},"author":1,"featured_media":24813,"comment_status":"open","ping_status":"open","sticky":false,"template":"","format":"standard","meta":{"amp_status":"","footnotes":""},"categories":[24],"tags":[],"class_list":["post-24812","post","type-post","status-publish","format-standard","has-post-thumbnail","hentry","category-turismo"],"_links":{"self":[{"href":"https:\/\/ermdigital.com\/index.php\/wp-json\/wp\/v2\/posts\/24812","targetHints":{"allow":["GET"]}}],"collection":[{"href":"https:\/\/ermdigital.com\/index.php\/wp-json\/wp\/v2\/posts"}],"about":[{"href":"https:\/\/ermdigital.com\/index.php\/wp-json\/wp\/v2\/types\/post"}],"author":[{"embeddable":true,"href":"https:\/\/ermdigital.com\/index.php\/wp-json\/wp\/v2\/users\/1"}],"replies":[{"embeddable":true,"href":"https:\/\/ermdigital.com\/index.php\/wp-json\/wp\/v2\/comments?post=24812"}],"version-history":[{"count":0,"href":"https:\/\/ermdigital.com\/index.php\/wp-json\/wp\/v2\/posts\/24812\/revisions"}],"wp:featuredmedia":[{"embeddable":true,"href":"https:\/\/ermdigital.com\/index.php\/wp-json\/wp\/v2\/media\/24813"}],"wp:attachment":[{"href":"https:\/\/ermdigital.com\/index.php\/wp-json\/wp\/v2\/media?parent=24812"}],"wp:term":[{"taxonomy":"category","embeddable":true,"href":"https:\/\/ermdigital.com\/index.php\/wp-json\/wp\/v2\/categories?post=24812"},{"taxonomy":"post_tag","embeddable":true,"href":"https:\/\/ermdigital.com\/index.php\/wp-json\/wp\/v2\/tags?post=24812"}],"curies":[{"name":"wp","href":"https:\/\/api.w.org\/{rel}","templated":true}]}}