{"id":24811,"date":"2025-10-01T16:52:03","date_gmt":"2025-10-01T20:52:03","guid":{"rendered":"https:\/\/ermdigital.com\/index.php\/2025\/10\/01\/dominicana-exhibe-oferta-exportable-en-feria-internacional\/"},"modified":"2025-10-01T16:52:03","modified_gmt":"2025-10-01T20:52:03","slug":"dominicana-exhibe-oferta-exportable-en-feria-internacional","status":"publish","type":"post","link":"https:\/\/ermdigital.com\/index.php\/2025\/10\/01\/dominicana-exhibe-oferta-exportable-en-feria-internacional\/","title":{"rendered":"Dominicana exhibe oferta exportable en feria internacional"},"content":{"rendered":"<p>El\u00a0<strong>Centro de Exportaci\u00f3n e Inversi\u00f3n<\/strong>\u00a0de la Rep\u00fablica Dominicana (<strong>ProDominicana<\/strong>) anunci\u00f3 la participaci\u00f3n del pa\u00eds en la feria\u00a0<strong>Fruit Attraction 2025<\/strong>, que se celebra en Madrid,\u00a0<strong>Espa\u00f1a<\/strong>, desde ayer hasta ma\u00f1ana 2 de octubre.\u00a0<\/p>\n<p>El encuentro es reconocido como uno de los m\u00e1s importantes a nivel internacional en el sector de frutas y vegetales frescos, y es una plataforma clave para fortalecer la presencia dominicana en el\u00a0<strong>mercado europeo<\/strong>.\u00a0<\/p>\n<p>La\u00a0<strong>directora ejecutiva<\/strong>\u00a0de\u00a0<strong>ProDominicana<\/strong>,\u00a0<strong>Biviana Riveiro<\/strong>, afirm\u00f3 que la feria\u00a0<strong>Fruit Attraction<\/strong>\u00a0constituye una oportunidad invaluable para seguir posicionando la oferta agr\u00edcola dominicana en Europa.<\/p>\n<p>La participaci\u00f3n del pa\u00eds en la feria cobra relevancia estrat\u00e9gica al considerar que las\u00a0<strong>exportaciones<\/strong>\u00a0hacia\u00a0<strong>Espa\u00f1a<\/strong>\u00a0alcanzaron 129.9 millones de d\u00f3lares en el 2024, lo que represent\u00f3 un crecimiento interanual del 36.5 %, con una oferta de m\u00e1s de 400 productos que reflejan la diversificaci\u00f3n del pa\u00eds en el\u00a0<strong>mercado europeo<\/strong>.<\/p>\n<p>La entrada <a rel=\"nofollow\" href=\"https:\/\/diarioagropecuario.com\/2025\/10\/dominicana-exhibe-oferta-exportable-en-feria-internacional\/\">Dominicana exhibe oferta exportable en feria internacional<\/a> se public\u00f3 primero en <a rel=\"nofollow\" href=\"https:\/\/diarioagropecuario.com\/\">Diario Agropecuario<\/a>.<\/p>\n<p>\u200bEl\u00a0Centro de Exportaci\u00f3n e Inversi\u00f3n\u00a0de la Rep\u00fablica Dominicana (ProDominicana) anunci\u00f3 la participaci\u00f3n del pa\u00eds en la feria\u00a0Fruit Attraction 2025, que se celebra en Madrid,\u00a0Espa\u00f1a, desde ayer hasta ma\u00f1ana 2 de octubre.\u00a0 El encuentro es reconocido como uno de los m\u00e1s importantes a nivel internacional en el sector de frutas y vegetales frescos, y es una<br \/>\nLa entrada Dominicana exhibe oferta exportable en feria internacional se public\u00f3 primero en Diario Agropecuario.\u00a0\u00a0Agropecuaria, Fruit Attraction 2025, RD\u00a0<\/p>\n","protected":false},"excerpt":{"rendered":"<p>El\u00a0Centro de Exportaci\u00f3n e Inversi\u00f3n\u00a0de la Rep\u00fablica Dominicana (ProDominicana) anunci\u00f3 la participaci\u00f3n del pa\u00eds en la feria\u00a0Fruit Attraction 2025, que se celebra en Madrid,\u00a0Espa\u00f1a, desde ayer hasta ma\u00f1ana 2 de octubre.\u00a0 El encuentro es reconocido como uno de los m\u00e1s importantes a nivel internacional en el sector de frutas y vegetales frescos, y es una [&hellip;]<\/p>\n","protected":false},"author":1,"featured_media":0,"comment_status":"open","ping_status":"open","sticky":false,"template":"","format":"standard","meta":{"amp_status":"","footnotes":""},"categories":[24],"tags":[],"class_list":["post-24811","post","type-post","status-publish","format-standard","hentry","category-turismo"],"_links":{"self":[{"href":"https:\/\/ermdigital.com\/index.php\/wp-json\/wp\/v2\/posts\/24811","targetHints":{"allow":["GET"]}}],"collection":[{"href":"https:\/\/ermdigital.com\/index.php\/wp-json\/wp\/v2\/posts"}],"about":[{"href":"https:\/\/ermdigital.com\/index.php\/wp-json\/wp\/v2\/types\/post"}],"author":[{"embeddable":true,"href":"https:\/\/ermdigital.com\/index.php\/wp-json\/wp\/v2\/users\/1"}],"replies":[{"embeddable":true,"href":"https:\/\/ermdigital.com\/index.php\/wp-json\/wp\/v2\/comments?post=24811"}],"version-history":[{"count":0,"href":"https:\/\/ermdigital.com\/index.php\/wp-json\/wp\/v2\/posts\/24811\/revisions"}],"wp:attachment":[{"href":"https:\/\/ermdigital.com\/index.php\/wp-json\/wp\/v2\/media?parent=24811"}],"wp:term":[{"taxonomy":"category","embeddable":true,"href":"https:\/\/ermdigital.com\/index.php\/wp-json\/wp\/v2\/categories?post=24811"},{"taxonomy":"post_tag","embeddable":true,"href":"https:\/\/ermdigital.com\/index.php\/wp-json\/wp\/v2\/tags?post=24811"}],"curies":[{"name":"wp","href":"https:\/\/api.w.org\/{rel}","templated":true}]}}