{"id":24808,"date":"2025-10-24T18:09:25","date_gmt":"2025-10-24T22:09:25","guid":{"rendered":"https:\/\/ermdigital.com\/index.php\/2025\/10\/24\/tormenta-melissa-causo-pocos-danos-en-zonas-productivas-del-sur\/"},"modified":"2025-10-24T18:09:25","modified_gmt":"2025-10-24T22:09:25","slug":"tormenta-melissa-causo-pocos-danos-en-zonas-productivas-del-sur","status":"publish","type":"post","link":"https:\/\/ermdigital.com\/index.php\/2025\/10\/24\/tormenta-melissa-causo-pocos-danos-en-zonas-productivas-del-sur\/","title":{"rendered":"Tormenta Melissa caus\u00f3 pocos da\u00f1os en zonas productivas del Sur"},"content":{"rendered":"<p><em>San Juan.-<\/em> El viceministro de Producci\u00f3n y Mercadeo del Ministerio de Agricultura, Eulalio Ram\u00edrez, realiz\u00f3 un recorrido de levantamiento preliminar por varias zonas del sur-suroeste del pa\u00eds.<\/p>\n<p>El informe preliminar agropecuario, remitido por el Departamento de Comunicaciones del Ministerio de Agricultura, indica que las lluvias provocadas por el fen\u00f3meno atmosf\u00e9rico Melissa han sido favorables para parte de la agricultura nacional.<\/p>\n<p>T\u00e9cnicos agropecuarios realizan un levantamiento de los efectos negativos en Peravia, San Crist\u00f3bal y San Jos\u00e9 de Ocoa.<\/p>\n<figure class=\"wp-block-gallery has-nested-images columns-default is-cropped wp-block-gallery-3 is-layout-flex\">\n<figure class=\"wp-block-image size-large\"><img decoding=\"async\" loading=\"lazy\" width=\"1024\" height=\"768\" data-id=\"3976\" src=\"https:\/\/diarioagropecuario.com\/wp-content\/uploads\/2025\/10\/IMG-20251024-WA0444-1024x768.jpg\" alt=\"\" class=\"wp-image-3976\"><\/figure>\n<figure class=\"wp-block-image size-large\"><img decoding=\"async\" loading=\"lazy\" width=\"1024\" height=\"768\" data-id=\"3975\" src=\"https:\/\/diarioagropecuario.com\/wp-content\/uploads\/2025\/10\/IMG-20251024-WA0441-1024x768.jpg\" alt=\"\" class=\"wp-image-3975\"><\/figure>\n<\/figure>\n<p>Los da\u00f1os a parcelas se concentran en varias comunidades de Peravia que permanecen incomunicadas debido a la crecida de los r\u00edos Ocoa y Nizao. En San Jos\u00e9 de Ocoa, la comunidad El Pinal est\u00e1 totalmente aislada por los da\u00f1os ocasionados a los caminos vecinales.<\/p>\n<p>Asimismo, la comunidad de Manaclar, en Ban\u00ed, se encuentra aislada por el deslizamiento de tierras en una monta\u00f1a, producto de los aguaceros. Esta demarcaci\u00f3n es altamente productiva en caf\u00e9, granjas av\u00edcolas y porcinas, as\u00ed como otros cultivos.<\/p>\n<p>En la provincia San Crist\u00f3bal se reportan algunos da\u00f1os menores a la producci\u00f3n, mientras tanto, en las provincias de San Juan, Barahona y Pedernales no se han registrado deterioros relevantes en granjas av\u00edcolas, ganado ni producci\u00f3n agr\u00edcola.<\/p>\n<p>El ingeniero agr\u00f3nomo Eulalio Ram\u00edrez explic\u00f3 que, hasta el momento, las lluvias han sido moderadas en la mayor\u00eda de las provincias del litoral sur, donde adem\u00e1s se han intensificado las labores preventivas del plan de contingencia activado por el ministro Limber Cruz.<\/p>\n<p>Ram\u00edrez visit\u00f3 zonas de alto riesgo y parte de la presa de Sabaneta, la cual se encuentra en su m\u00e1ximo caudal. Actualmente se est\u00e1 vertiendo agua por el hoyo de Virola a raz\u00f3n de 13 mil\u00edmetros por segundo, adem\u00e1s de los 10 mil\u00edmetros que se extraen mediante las turbinas para fines de generaci\u00f3n e irrigaci\u00f3n.<\/p>\n<p>\u201cHasta ahora, las aguas acumuladas no representan peligro para la producci\u00f3n alimentaria, ya que solo se han registrado lluvias abundantes en el sur; en la regi\u00f3n del Cibao y el norte, los aguaceros han sido escasos\u201d, se\u00f1al\u00f3.<\/p>\n<p>Como parte de las medidas preventivas, brigadas regionales del Ministerio de Agricultura realizaron limpieza de bermas, canales de riego y apertura de los principales cauces de irrigaci\u00f3n en zonas agr\u00edcolas, con el objetivo de evitar da\u00f1os durante el paso del fen\u00f3meno.<\/p>\n<p>Las autoridades agropecuarias tambi\u00e9n dispusieron la paralizaci\u00f3n temporal de los trabajos de preparaci\u00f3n de terrenos, debido a la saturaci\u00f3n y humedad de los suelos.<\/p>\n<p>En cuanto al arroz sembrado en el valle de San Juan, ya ha sido cosechado casi en su totalidad y se encuentra en proceso de secado en almacenes, por lo que no se reportan p\u00e9rdidas en la producci\u00f3n del cereal.<\/p>\n<p>Adem\u00e1s, algunos productores realizaron labores preventivas en sus predios antes de la llegada del fen\u00f3meno.<\/p>\n<p>La entrada <a rel=\"nofollow\" href=\"https:\/\/diarioagropecuario.com\/2025\/10\/tormenta-melissa-causo-pocos-danos-en-zonas-productivas-del-sur\/\">Tormenta Melissa caus\u00f3 pocos da\u00f1os en zonas productivas del Sur<\/a> se public\u00f3 primero en <a rel=\"nofollow\" href=\"https:\/\/diarioagropecuario.com\/\">Diario Agropecuario<\/a>.<\/p>\n<p>\u200bPresidente Abinader instruy\u00f3 al sector agropecuario a salvar vidas y proteger producci\u00f3n alimentaria<br \/>\nLa entrada Tormenta Melissa caus\u00f3 pocos da\u00f1os en zonas productivas del Sur se public\u00f3 primero en Diario Agropecuario.\u00a0\u00a0Agropecuaria, Primera Plana, Agricultura, TORMENTA MELISSA\u00a0<\/p>\n","protected":false},"excerpt":{"rendered":"<p>San Juan.- El viceministro de Producci\u00f3n y Mercadeo del Ministerio de Agricultura, Eulalio Ram\u00edrez, realiz\u00f3 un recorrido de levantamiento preliminar por varias zonas del sur-suroeste del pa\u00eds. El informe preliminar agropecuario, remitido por el Departamento de Comunicaciones del Ministerio de Agricultura, indica que las lluvias provocadas por el fen\u00f3meno atmosf\u00e9rico Melissa han sido favorables para [&hellip;]<\/p>\n","protected":false},"author":1,"featured_media":24809,"comment_status":"open","ping_status":"open","sticky":false,"template":"","format":"standard","meta":{"amp_status":"","footnotes":""},"categories":[24],"tags":[],"class_list":["post-24808","post","type-post","status-publish","format-standard","has-post-thumbnail","hentry","category-turismo"],"_links":{"self":[{"href":"https:\/\/ermdigital.com\/index.php\/wp-json\/wp\/v2\/posts\/24808","targetHints":{"allow":["GET"]}}],"collection":[{"href":"https:\/\/ermdigital.com\/index.php\/wp-json\/wp\/v2\/posts"}],"about":[{"href":"https:\/\/ermdigital.com\/index.php\/wp-json\/wp\/v2\/types\/post"}],"author":[{"embeddable":true,"href":"https:\/\/ermdigital.com\/index.php\/wp-json\/wp\/v2\/users\/1"}],"replies":[{"embeddable":true,"href":"https:\/\/ermdigital.com\/index.php\/wp-json\/wp\/v2\/comments?post=24808"}],"version-history":[{"count":0,"href":"https:\/\/ermdigital.com\/index.php\/wp-json\/wp\/v2\/posts\/24808\/revisions"}],"wp:featuredmedia":[{"embeddable":true,"href":"https:\/\/ermdigital.com\/index.php\/wp-json\/wp\/v2\/media\/24809"}],"wp:attachment":[{"href":"https:\/\/ermdigital.com\/index.php\/wp-json\/wp\/v2\/media?parent=24808"}],"wp:term":[{"taxonomy":"category","embeddable":true,"href":"https:\/\/ermdigital.com\/index.php\/wp-json\/wp\/v2\/categories?post=24808"},{"taxonomy":"post_tag","embeddable":true,"href":"https:\/\/ermdigital.com\/index.php\/wp-json\/wp\/v2\/tags?post=24808"}],"curies":[{"name":"wp","href":"https:\/\/api.w.org\/{rel}","templated":true}]}}