{"id":24803,"date":"2025-11-06T04:21:46","date_gmt":"2025-11-06T08:21:46","guid":{"rendered":"https:\/\/ermdigital.com\/index.php\/2025\/11\/06\/republica-dominicana-lanza-certificacion-de-cafe-sostenible\/"},"modified":"2025-11-06T04:21:46","modified_gmt":"2025-11-06T08:21:46","slug":"republica-dominicana-lanza-certificacion-de-cafe-sostenible","status":"publish","type":"post","link":"https:\/\/ermdigital.com\/index.php\/2025\/11\/06\/republica-dominicana-lanza-certificacion-de-cafe-sostenible\/","title":{"rendered":"Rep\u00fablica Dominicana lanza certificaci\u00f3n de caf\u00e9 sostenible"},"content":{"rendered":"<p><strong>SANTO DOMINGO. <\/strong>El Instituto Dominicano del Caf\u00e9 (Indocaf\u00e9) realiz\u00f3 el mi\u00e9rcoles 5 de noviembre el lanzamiento del\u00a0<strong>Programa de Certificaci\u00f3n Finca de Caf\u00e9 Sostenible (SCF)<\/strong>\u00a0y la presentaci\u00f3n del\u00a0<strong>Sistema Integrado de Informaci\u00f3n y Servicios Cafetaleros (SIISEC)<\/strong>, dos iniciativas estrat\u00e9gicas orientadas a fortalecer la competitividad y sostenibilidad del sector cafetalero dominicano.<\/p>\n<p><strong>La Certificaci\u00f3n Finca de Caf\u00e9 Sostenible<\/strong>, impulsada a trav\u00e9s del\u00a0<strong>Proyecto Biodiversidad en Paisajes Productivos (BPP)<\/strong>, implementado bajo el liderazgo del Ministerio de Medio Ambiente y Recursos Naturales, con el apoyo del\u00a0<strong>Programa de las Naciones Unidas para el Desarrollo (PNUD)<\/strong>\u00a0y financiado por el\u00a0<strong>Fondo para el Medio Ambiente Mundial (GEF)<\/strong>, marca un hito hist\u00f3rico: <\/p>\n<p>\u00abEs la primera certificaci\u00f3n nacional y la primera en el Caribe para <strong>plantaciones de caf\u00e9 <\/strong>sostenible, avalada por una instituci\u00f3n nacional. Este logro demuestra que es posible producir conservando la biodiversidad, integrando el desarrollo econ\u00f3mico y la protecci\u00f3n de la naturaleza como objetivos complementarios.<\/p>\n<p>Durante la apertura del evento, el\u00a0<strong>ministro de Agricultura, Limber Cruz<\/strong>, destac\u00f3 los esfuerzos del Gobierno dominicano para que el caf\u00e9 recupere su lugar en la econom\u00eda rural y en las pol\u00edticas de sostenibilidad del pa\u00eds.<\/p>\n<blockquote class=\"wp-block-quote\">\n<p>\u00abEsa certificaci\u00f3n funciona pr\u00e1cticamente como una licencia de aceptaci\u00f3n en cualquier mercado del mundo\u00bb, precis\u00f3.<\/p>\n<p><cite>Limber Cruz, ministro de Agriculrura<\/cite><\/p><\/blockquote>\n<p>En tanto,\u00a0<strong>Ana Mar\u00eda D\u00edaz<\/strong>, Representante Residente del PNUD, subray\u00f3 que la iniciativa de\u00a0<strong>Biodiversidad en Paisajes Productivos (BPP)<\/strong>, \u201cHa sido clave para sentar las bases del proceso, demostrando que la conservaci\u00f3n de la biodiversidad, la productividad agr\u00edcola, y sectores econ\u00f3micos dominicanos competitivos pueden avanzar de manera conjunta\u00bb. <\/p>\n<p>Agreg\u00f3 que \u00aba trav\u00e9s de sitios piloto y an\u00e1lisis financieros, hemos comprobado que las buenas pr\u00e1cticas en el manejo del paisaje y la certificaci\u00f3n sostenible generan beneficios ambientales y econ\u00f3micos tangibles\u201d.<\/p>\n<p>De su\u00a0lado<strong> Le\u00f3nidas Batista D\u00edaz<\/strong>, director ejecutivo de Indocaf\u00e9, enfatizo que las iniciativas estrat\u00e9gicas est\u00e1n orientadas a fortalecer la competitividad y sostenibilidad del sector cafetalero dominicano, donde deja abierto a la sociedad cafetalera el sistema de informaci\u00f3n, donde el mercado de la <strong>Uni\u00f3n Europea <\/strong>podr\u00e1 verificar la calidad de nuestro caf\u00e9, buen manejo para preservaci\u00f3n del medio ambiente y la biodiversidad.<\/p>\n<h2 class=\"wp-block-heading\">Presentaci\u00f3n<\/h2>\n<p>La presentaci\u00f3n magistral del evento estuvo a cargo del economista Sandy Susa\u00f1a, quien explic\u00f3 que el Programa SCF constituye la primera certificaci\u00f3n nacional de sostenibilidad cafetalera, alineada con los est\u00e1ndares internacionales de producci\u00f3n responsable.<\/p>\n<p>Mientras que <strong>el SIISEC<\/strong> representa una plataforma tecnol\u00f3gica de \u00faltima generaci\u00f3n que integra informaci\u00f3n productiva, ambiental y comercial, facilitando los diagn\u00f3sticos sectoriales, la planeaci\u00f3n estrat\u00e9gica, el an\u00e1lisis de riesgo de deforestaci\u00f3n y la trazabilidad conforme a las exigencias del Reglamento Antideforestaci\u00f3n de la <strong>Uni\u00f3n Europea<\/strong> (EUDR).<\/p>\n<p>De acuerdo con <strong>Susa\u00f1a<\/strong>, este reglamento exige que todo el\u00a0<strong>caf\u00e9<\/strong>\u00a0<strong>exportado<\/strong> al bloque europeo cumpla dos requisitos fundamentales: \u00abPrimero, que el\u00a0<strong>caf\u00e9<\/strong>\u00a0est\u00e9 libre de deforestaci\u00f3n a partir del 30 de diciembre de 2020; y segundo, que se produzca bajo las\u00a0<strong>normas legales<\/strong>\u00a0del pa\u00eds de origen\u00bb.<\/p>\n<ul>\n<li>Esto \u00faltimo -explica Susa\u00f1a- representa el\u00a0<strong>mayor reto<\/strong>\u00a0para los\u00a0<strong><a href=\"https:\/\/diarioagropecuario.com\/2024\/12\/plan-salvando-la-montana-busca-mejorar-produccion-de-cafe-en-barahona\/\">peque\u00f1os producto<\/a>res<\/strong>\u00a0dominicanos, que en su mayor\u00eda operan en zonas monta\u00f1osas con problemas de\u00a0<strong>tenencia de la tierra<\/strong>.\u00a0<\/li>\n<\/ul>\n<p>\u00abUn\u00a0<strong>caficultor<\/strong>\u00a0con 10 o 20 tareas debe presentar\u00a0<strong>t\u00edtulos de propiedad<\/strong>, cumplir con las leyes fiscales, declarar impuestos sobre la renta, respetar las normas ambientales y, si tiene trabajadores fijos, afiliarse a la\u00a0<strong>seguridad social<\/strong>. Todo eso representa una carga muy dif\u00edcil de asumir sin acompa\u00f1amiento\u00bb, se\u00f1al\u00f3.<\/p>\n<figure class=\"wp-block-gallery has-nested-images columns-default is-cropped wp-block-gallery-1 is-layout-flex\">\n<figure class=\"wp-block-image size-large\"><img loading=\"lazy\" decoding=\"async\" width=\"1024\" height=\"683\" data-id=\"3981\" src=\"https:\/\/diarioagropecuario.com\/wp-content\/uploads\/2025\/11\/Director-ejecutivo-de-Indocafe-Leonidas-1024x683.jpg\" alt=\"Le\u00f3nidas Batista D\u00edaz, director ejecutivo de Indocaf\u00e9\" class=\"wp-image-3981\"><\/figure>\n<figure class=\"wp-block-image size-large\"><img loading=\"lazy\" decoding=\"async\" width=\"1024\" height=\"683\" data-id=\"3985\" src=\"https:\/\/diarioagropecuario.com\/wp-content\/uploads\/2025\/11\/Director-de-Onapi-y-de-Indocafe-1024x683.jpg\" alt=\"El director de la ONAPI, Salvador Ramos, hizo entrega oficial del certificado de marca de certificaci\u00f3n \u201cFinca de Caf\u00e9 Sostenible\u201d al director ejecutivo de Indocaf\u00e9, Le\u00f3nidas Batista.\" class=\"wp-image-3985\"><\/figure>\n<figure class=\"wp-block-image size-large\"><img loading=\"lazy\" decoding=\"async\" width=\"1024\" height=\"683\" data-id=\"3984\" src=\"https:\/\/diarioagropecuario.com\/wp-content\/uploads\/2025\/11\/Sandy-Susana-economista-agricola-1024x683.jpg\" alt=\" Sandy Susa\u00f1a, economista agr\u00edcola.\" class=\"wp-image-3984\"><\/figure>\n<figure class=\"wp-block-image size-large\"><img decoding=\"async\" loading=\"lazy\" width=\"1024\" height=\"683\" data-id=\"3986\" src=\"https:\/\/diarioagropecuario.com\/wp-content\/uploads\/2025\/11\/PNUD-1024x683.jpg\" alt=\"Ana Mar\u00eda D\u00edaz, Representante Residente del PNUD.\" class=\"wp-image-3986\"><\/figure>\n<figure class=\"wp-block-image size-large\"><img decoding=\"async\" loading=\"lazy\" width=\"1024\" height=\"683\" data-id=\"3983\" src=\"https:\/\/diarioagropecuario.com\/wp-content\/uploads\/2025\/11\/Limber-Cruz-habla-a-los-productores-de-cafe-1024x683.jpg\" alt=\"Limber Cruz, ministro de Agricultura.\" class=\"wp-image-3983\"><\/figure>\n<figure class=\"wp-block-image size-large\"><img decoding=\"async\" loading=\"lazy\" width=\"1024\" height=\"683\" data-id=\"3980\" src=\"https:\/\/diarioagropecuario.com\/wp-content\/uploads\/2025\/11\/Productores-de-cafe-1024x683.jpg\" alt=\"Productores y exportadores de caf\u00e9 asistieron a la actividad.\" class=\"wp-image-3980\"><\/figure>\n<figure class=\"wp-block-image size-large\"><img decoding=\"async\" loading=\"lazy\" width=\"1024\" height=\"683\" data-id=\"3982\" src=\"https:\/\/diarioagropecuario.com\/wp-content\/uploads\/2025\/11\/Cafe-1024x683.jpg\" alt=\"\" class=\"wp-image-3982\"><\/figure>\n<\/figure>\n<p>El acto incluy\u00f3 un panel de expertos titulado: \u201cEl <strong>sector cafetalero dominicano<\/strong> frente al EUDR\u201d, moderado por la periodista Diurka P\u00e9rez, con la participaci\u00f3n de Le\u00f3nidas Batista de Indocaf\u00e9, Sandy Susa\u00f1a, Richard Peralta y Pierre Candelon del PNUD.<\/p>\n<h2 class=\"wp-block-heading\">Entrega de certificado<\/h2>\n<p>Durante el lanzamiento formal del <strong>Programa SCF<\/strong>, el director de la Oficina Nacional de la Propiedad Industrial (<strong>ONAPI<\/strong>), Salvador Ramos, hizo entrega oficial del certificado de marca de certificaci\u00f3n \u201cFinca de Caf\u00e9 Sostenible\u201d al director ejecutivo de Indocaf\u00e9, Le\u00f3nidas Batista, mientras que la representante residente del <strong>PNUD<\/strong>, Ana Maria D\u00edaz, entreg\u00f3 el primer kit promocional al productor y exportador de caf\u00e9, Alfredo D\u00edaz.<\/p>\n<p>En sus palabras de clausura, el viceministro de <strong>\u00c1reas Protegidas<\/strong> y Biodiversidad, Carlos Augusto Batista, valor\u00f3 la iniciativa como \u201cun paso firme hacia la sostenibilidad ambiental, la gobernanza forestal y la producci\u00f3n responsable del caf\u00e9 dominicano\u201d.<\/p>\n<p>El evento concluy\u00f3 con la presentaci\u00f3n oficial de los materiales promocionales del programa -brochure, <strong>Gu\u00eda de Certificaci\u00f3n<\/strong>, website institucional (<a href=\"http:\/\/www.scf.do\/\" target=\"_blank\" rel=\"noreferrer noopener\">www.scf.do<\/a>) y video promocional-, disponibles para productores y aliados a trav\u00e9s de la mesa de materiales y el portal web del programa.<\/p>\n<p>El evento, celebrado en un hotel de esta ciudad con la participaci\u00f3n de productores l\u00edderes, cooperativas, <strong>exportadores de caf\u00e9<\/strong>, tostadores, autoridades y representantes de organismos de cooperaci\u00f3n.<\/p>\n<p>La entrada <a rel=\"nofollow\" href=\"https:\/\/diarioagropecuario.com\/2025\/11\/republica-dominicana-lanza-primera-certificacion-de-cafe-sostenible-del-caribe\/\">Rep\u00fablica Dominicana lanza certificaci\u00f3n de caf\u00e9 sostenible<\/a> se public\u00f3 primero en <a rel=\"nofollow\" href=\"https:\/\/diarioagropecuario.com\/\">Diario Agropecuario<\/a>.<\/p>\n<p>\u200bLa Certificaci\u00f3n Finca de Caf\u00e9 Sostenible  y el Sistema Integrado de Informaci\u00f3n y Servicios Cafetaleros cambiar\u00e1 al sector<br \/>\nLa entrada Rep\u00fablica Dominicana lanza certificaci\u00f3n de caf\u00e9 sostenible se public\u00f3 primero en Diario Agropecuario.\u00a0\u00a0Agropecuaria, Medio Ambiente, Nacionales, Primera Plana, Caf\u00e9, certificaci\u00f3n de caf\u00e9 sostenible\u00a0<\/p>\n","protected":false},"excerpt":{"rendered":"<p>SANTO DOMINGO. El Instituto Dominicano del Caf\u00e9 (Indocaf\u00e9) realiz\u00f3 el mi\u00e9rcoles 5 de noviembre el lanzamiento del\u00a0Programa de Certificaci\u00f3n Finca de Caf\u00e9 Sostenible (SCF)\u00a0y la presentaci\u00f3n del\u00a0Sistema Integrado de Informaci\u00f3n y Servicios Cafetaleros (SIISEC), dos iniciativas estrat\u00e9gicas orientadas a fortalecer la competitividad y sostenibilidad del sector cafetalero dominicano. La Certificaci\u00f3n Finca de Caf\u00e9 Sostenible, impulsada [&hellip;]<\/p>\n","protected":false},"author":1,"featured_media":24804,"comment_status":"open","ping_status":"open","sticky":false,"template":"","format":"standard","meta":{"amp_status":"","footnotes":""},"categories":[24],"tags":[],"class_list":["post-24803","post","type-post","status-publish","format-standard","has-post-thumbnail","hentry","category-turismo"],"_links":{"self":[{"href":"https:\/\/ermdigital.com\/index.php\/wp-json\/wp\/v2\/posts\/24803","targetHints":{"allow":["GET"]}}],"collection":[{"href":"https:\/\/ermdigital.com\/index.php\/wp-json\/wp\/v2\/posts"}],"about":[{"href":"https:\/\/ermdigital.com\/index.php\/wp-json\/wp\/v2\/types\/post"}],"author":[{"embeddable":true,"href":"https:\/\/ermdigital.com\/index.php\/wp-json\/wp\/v2\/users\/1"}],"replies":[{"embeddable":true,"href":"https:\/\/ermdigital.com\/index.php\/wp-json\/wp\/v2\/comments?post=24803"}],"version-history":[{"count":0,"href":"https:\/\/ermdigital.com\/index.php\/wp-json\/wp\/v2\/posts\/24803\/revisions"}],"wp:featuredmedia":[{"embeddable":true,"href":"https:\/\/ermdigital.com\/index.php\/wp-json\/wp\/v2\/media\/24804"}],"wp:attachment":[{"href":"https:\/\/ermdigital.com\/index.php\/wp-json\/wp\/v2\/media?parent=24803"}],"wp:term":[{"taxonomy":"category","embeddable":true,"href":"https:\/\/ermdigital.com\/index.php\/wp-json\/wp\/v2\/categories?post=24803"},{"taxonomy":"post_tag","embeddable":true,"href":"https:\/\/ermdigital.com\/index.php\/wp-json\/wp\/v2\/tags?post=24803"}],"curies":[{"name":"wp","href":"https:\/\/api.w.org\/{rel}","templated":true}]}}