{"id":24801,"date":"2026-04-26T20:42:57","date_gmt":"2026-04-27T00:42:57","guid":{"rendered":"https:\/\/ermdigital.com\/index.php\/2026\/04\/26\/alcalde-de-el-limon-destaca-crecimiento-de-la-inversion-privada-en-zonas-turisticas\/"},"modified":"2026-04-26T20:42:57","modified_gmt":"2026-04-27T00:42:57","slug":"alcalde-de-el-limon-destaca-crecimiento-de-la-inversion-privada-en-zonas-turisticas","status":"publish","type":"post","link":"https:\/\/ermdigital.com\/index.php\/2026\/04\/26\/alcalde-de-el-limon-destaca-crecimiento-de-la-inversion-privada-en-zonas-turisticas\/","title":{"rendered":"Alcalde de El Lim\u00f3n destaca crecimiento de la inversi\u00f3n privada en zonas tur\u00edsticas"},"content":{"rendered":"<p><strong>El Lim\u00f3n, Saman\u00e1. <\/strong>El alcalde del distrito municipal El Lim\u00f3n, Fernando Mercado Morel, destac\u00f3 que su gesti\u00f3n ha logrado generar un clima de confianza que se refleja en el aumento constante de las inversiones privadas, especialmente en las localidades tur\u00edsticas de la demarcaci\u00f3n.<\/p>\n<p>El ejecutivo municipal se\u00f1al\u00f3 que este crecimiento no es casual, sino el resultado de una administraci\u00f3n enfocada en la transparencia, la organizaci\u00f3n y el compromiso con el desarrollo sostenible del municipio.<\/p>\n<p>Asimismo, durante la rendici\u00f3n de cuentas del pasado viernes, el alcalde afirm\u00f3 que los resultados de su gesti\u00f3n van m\u00e1s all\u00e1 de simples cifras.<\/p>\n<h4 class=\"wp-block-heading\"><strong>Recomendamos leer:<a href=\"https:\/\/deultimominuto.net\/enlaces\/\" data-type=\"page\" data-id=\"491852\"> Chofer de autob\u00fas provoca terror por manejo temerario<\/a><\/strong><a href=\"https:\/\/deultimominuto.net\/category\/nacionales\/\"><\/a><\/h4>\n<p>\u201cDurante la rendici\u00f3n de cuentas pudimos demostrar que m\u00e1s all\u00e1 de los n\u00fameros, las obras est\u00e1n ah\u00ed, presentes en cada una de las comunidades y sectores de nuestro distrito\u201d, expres\u00f3.<\/p>\n<p>Mercado enfatiz\u00f3 que junto a su equipo de trabajo se mantiene enfocado en impulsar iniciativas que garanticen un crecimiento ordenado, que beneficie tanto al sector tur\u00edstico como a los residentes del distrito.<\/p>\n<p>Finalmente, reiter\u00f3 que su gesti\u00f3n continuar\u00e1 apostando a un modelo de desarrollo basado en la confianza, la participaci\u00f3n y la transformaci\u00f3n real de El Lim\u00f3n.<\/p>\n<figure class=\"wp-block-image size-large\"><img loading=\"lazy\" decoding=\"async\" width=\"1024\" height=\"683\" src=\"https:\/\/cdn.deultimominuto.net\/wp-content\/uploads\/2026\/04\/WhatsApp-Image-2026-04-26-at-8.28.12-PM-1024x683.jpeg\" alt=\"Alcalde de El Lim\u00f3n destaca crecimiento de la inversi\u00f3n privada en zonas tur\u00edsticas - Noticias de hoy en Rep\u00fablica Dominicana | De \u00daltimo Minuto\" class=\"wp-image-646441\" title=\"Alcalde de El Lim\u00f3n destaca crecimiento de la inversi\u00f3n privada en zonas tur\u00edsticas | 1 |\"><\/figure>\n<p>\u200bEl Lim\u00f3n, Saman\u00e1. El alcalde del distrito municipal El Lim\u00f3n, Fernando Mercado Morel, destac\u00f3 que su gesti\u00f3n ha logrado generar un clima de confianza que se refleja en el aumento constante de las inversiones privadas, especialmente en las localidades tur\u00edsticas de la demarcaci\u00f3n. El ejecutivo municipal se\u00f1al\u00f3 que este crecimiento no es casual, sino el\u00a0\u00a0Nacionales, Alcalde, zonas tur\u00edsticas\u00a0\u00a0<\/p>\n","protected":false},"excerpt":{"rendered":"<p>El Lim\u00f3n, Saman\u00e1. El alcalde del distrito municipal El Lim\u00f3n, Fernando Mercado Morel, destac\u00f3 que su gesti\u00f3n ha logrado generar un clima de confianza que se refleja en el aumento constante de las inversiones privadas, especialmente en las localidades tur\u00edsticas de la demarcaci\u00f3n. El ejecutivo municipal se\u00f1al\u00f3 que este crecimiento no es casual, sino el [&hellip;]<\/p>\n","protected":false},"author":1,"featured_media":24802,"comment_status":"open","ping_status":"open","sticky":false,"template":"","format":"standard","meta":{"amp_status":"","footnotes":""},"categories":[3],"tags":[],"class_list":["post-24801","post","type-post","status-publish","format-standard","has-post-thumbnail","hentry","category-de-ultimo-minuto"],"_links":{"self":[{"href":"https:\/\/ermdigital.com\/index.php\/wp-json\/wp\/v2\/posts\/24801","targetHints":{"allow":["GET"]}}],"collection":[{"href":"https:\/\/ermdigital.com\/index.php\/wp-json\/wp\/v2\/posts"}],"about":[{"href":"https:\/\/ermdigital.com\/index.php\/wp-json\/wp\/v2\/types\/post"}],"author":[{"embeddable":true,"href":"https:\/\/ermdigital.com\/index.php\/wp-json\/wp\/v2\/users\/1"}],"replies":[{"embeddable":true,"href":"https:\/\/ermdigital.com\/index.php\/wp-json\/wp\/v2\/comments?post=24801"}],"version-history":[{"count":0,"href":"https:\/\/ermdigital.com\/index.php\/wp-json\/wp\/v2\/posts\/24801\/revisions"}],"wp:featuredmedia":[{"embeddable":true,"href":"https:\/\/ermdigital.com\/index.php\/wp-json\/wp\/v2\/media\/24802"}],"wp:attachment":[{"href":"https:\/\/ermdigital.com\/index.php\/wp-json\/wp\/v2\/media?parent=24801"}],"wp:term":[{"taxonomy":"category","embeddable":true,"href":"https:\/\/ermdigital.com\/index.php\/wp-json\/wp\/v2\/categories?post=24801"},{"taxonomy":"post_tag","embeddable":true,"href":"https:\/\/ermdigital.com\/index.php\/wp-json\/wp\/v2\/tags?post=24801"}],"curies":[{"name":"wp","href":"https:\/\/api.w.org\/{rel}","templated":true}]}}