{"id":24797,"date":"2026-04-26T20:55:17","date_gmt":"2026-04-27T00:55:17","guid":{"rendered":"https:\/\/ermdigital.com\/index.php\/2026\/04\/26\/i-love-dembow-regresa-por-segundo-ano-a-la-gran-parada-dominicana-del-bronx\/"},"modified":"2026-04-26T20:55:17","modified_gmt":"2026-04-27T00:55:17","slug":"i-love-dembow-regresa-por-segundo-ano-a-la-gran-parada-dominicana-del-bronx","status":"publish","type":"post","link":"https:\/\/ermdigital.com\/index.php\/2026\/04\/26\/i-love-dembow-regresa-por-segundo-ano-a-la-gran-parada-dominicana-del-bronx\/","title":{"rendered":"\u201cI Love Dembow\u201d regresa por segundo a\u00f1o a la Gran Parada Dominicana del Bronx"},"content":{"rendered":"<p>Nueva York. \u2014 La empresaria, publicista y CEO de La Mundial Media, Iv\u00f3n G. Espinosa, dio a conocer en un comunicado oficial los detalles de la esperada participaci\u00f3n de la carroza \u201cI Love Dembow\u201d en la Gran Parada Dominicana del Bronx, marcando su segundo a\u00f1o consecutivo dentro de uno de los eventos culturales m\u00e1s importantes de la di\u00e1spora dominicana en Estados Unidos.<\/p>\n<p>Uno de los ritmos m\u00e1s contagiosos y representativos de la nueva generaci\u00f3n urbana, el dembow, volver\u00e1 a hacerse sentir con fuerza en las calles del Bronx, llevando su energ\u00eda, identidad y evoluci\u00f3n musical a miles de asistentes.<\/p>\n<p><strong>Te puede interesar:<\/strong> <a href=\"https:\/\/deultimominuto.net\/entretenimiento\/saca-punta-planeta-alofoke\/\" data-type=\"post\" data-id=\"645513\">\u201cSaca Punta\u201d, canci\u00f3n nacida en Planeta Alofoke, re\u00fane a Arlene MC, La M\u00e1s Doll y Jey One<\/a><\/p>\n<p>La carroza \u201cI Love Dembow\u201d, producida por La Vie Media LLC, se presentar\u00e1 como un homenaje al g\u00e9nero urbano que ha revolucionado la m\u00fasica latina desde sus ra\u00edces en los barrios de la Rep\u00fablica Dominicana hasta su posicionamiento en escenarios internacionales.<\/p>\n<p>El desfile recorrer\u00e1 la emblem\u00e1tica avenida Grand Concourse el pr\u00f3ximo domingo 26 de julio, convirti\u00e9ndose en una plataforma de visibilidad para artistas emergentes y figuras clave del movimiento.<\/p>\n<p>La conducci\u00f3n oficial de la carroza estar\u00e1 a cargo de dos reconocidas figuras claves de los medios urbanos Sergio Toribio (\u201cChocolate Radio\u201d) y Giselle Jorge (\u201cLa Perris\u201d).<\/p>\n<p>Adem\u00e1s, contar\u00e1 con la participaci\u00f3n Rodrigo Films, YK It&#8217;s Junna, Lito Kirino, Jesus Brillo, Bigoblin, DJ Bone y Ebenezer Guerra.<\/p>\n<p>\u201cEl dembow es identidad, es cultura y es evoluci\u00f3n\u201d Durante el comunicado, Iv\u00f3n G. Espinosa destac\u00f3 la importancia de esta iniciativa. \u201cEl dembow no es solo m\u00fasica, es una expresi\u00f3n cultural que representa a toda una generaci\u00f3n. Con \u2018I Love Dembow\u2019 buscamos llevar ese orgullo dominicano a una de las vitrinas m\u00e1s importantes del mundo.\u201d<\/p>\n<p>La participaci\u00f3n de esta carroza reafirma el crecimiento del dembow como fen\u00f3meno global y su impacto dentro de la comunidad latina en Estados Unidos, especialmente en el Bronx, considerado uno de los epicentros culturales de la di\u00e1spora dominicana.<\/p>\n<p>Con esta segunda participaci\u00f3n consecutiva, La Mundial Media contin\u00faa posicionando a la marca I Love Dembow como una plataforma clave en la proyecci\u00f3n internacional del talento urbano dominicano.<\/p>\n<p>La carroza \u201cI Love Dembow\u201d promete ser uno de los momentos m\u00e1s vibrantes de la jornada, consolidando el dembow como una fuerza imparable dentro de la cultura latina y llevando el sabor dominicano a lo m\u00e1s alto del escenario internacional.<\/p>\n<p>\u200bNueva York. \u2014 La empresaria, publicista y CEO de La Mundial Media, Iv\u00f3n G. Espinosa, dio a conocer en un comunicado oficial los detalles de la esperada participaci\u00f3n de la carroza \u201cI Love Dembow\u201d en la Gran Parada Dominicana del Bronx, marcando su segundo a\u00f1o consecutivo dentro de uno de los eventos culturales m\u00e1s importantes\u00a0\u00a0Entretenimiento, I Love Dembow, Parada del Bronx\u00a0\u00a0<\/p>\n","protected":false},"excerpt":{"rendered":"<p>Nueva York. \u2014 La empresaria, publicista y CEO de La Mundial Media, Iv\u00f3n G. Espinosa, dio a conocer en un comunicado oficial los detalles de la esperada participaci\u00f3n de la carroza \u201cI Love Dembow\u201d en la Gran Parada Dominicana del Bronx, marcando su segundo a\u00f1o consecutivo dentro de uno de los eventos culturales m\u00e1s importantes [&hellip;]<\/p>\n","protected":false},"author":1,"featured_media":24798,"comment_status":"open","ping_status":"open","sticky":false,"template":"","format":"standard","meta":{"amp_status":"","footnotes":""},"categories":[3],"tags":[],"class_list":["post-24797","post","type-post","status-publish","format-standard","has-post-thumbnail","hentry","category-de-ultimo-minuto"],"_links":{"self":[{"href":"https:\/\/ermdigital.com\/index.php\/wp-json\/wp\/v2\/posts\/24797","targetHints":{"allow":["GET"]}}],"collection":[{"href":"https:\/\/ermdigital.com\/index.php\/wp-json\/wp\/v2\/posts"}],"about":[{"href":"https:\/\/ermdigital.com\/index.php\/wp-json\/wp\/v2\/types\/post"}],"author":[{"embeddable":true,"href":"https:\/\/ermdigital.com\/index.php\/wp-json\/wp\/v2\/users\/1"}],"replies":[{"embeddable":true,"href":"https:\/\/ermdigital.com\/index.php\/wp-json\/wp\/v2\/comments?post=24797"}],"version-history":[{"count":0,"href":"https:\/\/ermdigital.com\/index.php\/wp-json\/wp\/v2\/posts\/24797\/revisions"}],"wp:featuredmedia":[{"embeddable":true,"href":"https:\/\/ermdigital.com\/index.php\/wp-json\/wp\/v2\/media\/24798"}],"wp:attachment":[{"href":"https:\/\/ermdigital.com\/index.php\/wp-json\/wp\/v2\/media?parent=24797"}],"wp:term":[{"taxonomy":"category","embeddable":true,"href":"https:\/\/ermdigital.com\/index.php\/wp-json\/wp\/v2\/categories?post=24797"},{"taxonomy":"post_tag","embeddable":true,"href":"https:\/\/ermdigital.com\/index.php\/wp-json\/wp\/v2\/tags?post=24797"}],"curies":[{"name":"wp","href":"https:\/\/api.w.org\/{rel}","templated":true}]}}