{"id":24791,"date":"2026-04-26T21:16:21","date_gmt":"2026-04-27T01:16:21","guid":{"rendered":"https:\/\/ermdigital.com\/index.php\/2026\/04\/26\/evaluacion-docente-entra-en-nueva-fase-este-jueves-etapa-suspendida-sera-retomada-en-junio\/"},"modified":"2026-04-26T21:16:21","modified_gmt":"2026-04-27T01:16:21","slug":"evaluacion-docente-entra-en-nueva-fase-este-jueves-etapa-suspendida-sera-retomada-en-junio","status":"publish","type":"post","link":"https:\/\/ermdigital.com\/index.php\/2026\/04\/26\/evaluacion-docente-entra-en-nueva-fase-este-jueves-etapa-suspendida-sera-retomada-en-junio\/","title":{"rendered":"Evaluaci\u00f3n docente entra en nueva fase este jueves; etapa suspendida ser\u00e1 retomada en junio"},"content":{"rendered":"<p><strong>Santo Domingo.\u2013<\/strong> El proceso de Evaluaci\u00f3n de Desempe\u00f1o Docente continuar\u00e1 este jueves 30 de abril con el inicio de su sexta fase, centrada en la observaci\u00f3n de clases y la planificaci\u00f3n, seg\u00fan inform\u00f3 la Comisi\u00f3n Nacional Rectora encargada del programa.<\/p>\n<p>La entidad explic\u00f3 que la quinta etapa, que hab\u00eda sido suspendida debido a inconvenientes t\u00e9cnicos en la plataforma digital, ser\u00e1 reprogramada para la primera semana de junio, una vez concluyan las fases en curso.<\/p>\n<p>De acuerdo con las autoridades educativas, la decisi\u00f3n responde a ajustes realizados en el sistema tecnol\u00f3gico utilizado para la evaluaci\u00f3n, con el objetivo de garantizar mayor estabilidad, eficiencia y continuidad en el proceso.<\/p>\n<p>El Ministerio de Educaci\u00f3n (Minerd) y las organizaciones que integran la comisi\u00f3n, entre ellas la Asociaci\u00f3n Dominicana de Profesores (ADP) y la Asociaci\u00f3n Nacional de Profesionales y T\u00e9cnicos de la Educaci\u00f3n (Anproted), se\u00f1alaron que las fallas detectadas fueron corregidas tras pruebas de optimizaci\u00f3n.<\/p>\n<p>Las autoridades informaron adem\u00e1s que la Evaluaci\u00f3n de Rendimiento Profesional, correspondiente a la fase suspendida, se aplicar\u00e1 una vez concluya la sexta etapa, incorporando mejoras t\u00e9cnicas al sistema.<\/p>\n<h4 class=\"wp-block-heading\"><strong>Recomendamos lee:<a href=\"https:\/\/deultimominuto.net\/enlaces\/\" data-type=\"page\" data-id=\"491852\"> Fallas en evaluaci\u00f3n docente evidencian problemas de gesti\u00f3n, seg\u00fan FP<\/a><\/strong><a href=\"https:\/\/deultimominuto.net\/category\/nacionales\/\"><\/a><\/h4>\n<p>El proceso evaluativo ha involucrado a m\u00e1s de 115,000 docentes a nivel nacional y registra un avance cercano al 95 %, con la aplicaci\u00f3n de cientos de miles de instrumentos en las etapas ya completadas.<\/p>\n<p>El Minerd reiter\u00f3 que esta evaluaci\u00f3n forma parte de una pol\u00edtica educativa orientada a fortalecer la calidad del sistema educativo y el desarrollo de la carrera docente en el pa\u00eds.<\/p>\n<p>Asimismo, la comisi\u00f3n exhort\u00f3 a los educadores a participar en las etapas pendientes, asegurando que el proceso se ejecuta bajo criterios de transparencia, equidad y respeto a los derechos del magisterio.<\/p>\n<p>La Comisi\u00f3n Nacional Rectora es presidida por el ministro de Educaci\u00f3n y est\u00e1 integrada por representantes del sector educativo, quienes supervisan la ejecuci\u00f3n y seguimiento del proceso evaluativo.<\/p>\n<p>\u200bSanto Domingo.\u2013 El proceso de Evaluaci\u00f3n de Desempe\u00f1o Docente continuar\u00e1 este jueves 30 de abril con el inicio de su sexta fase, centrada en la observaci\u00f3n de clases y la planificaci\u00f3n, seg\u00fan inform\u00f3 la Comisi\u00f3n Nacional Rectora encargada del programa. La entidad explic\u00f3 que la quinta etapa, que hab\u00eda sido suspendida debido a inconvenientes t\u00e9cnicos\u00a0\u00a0Nacionales, docente, evaluaci\u00f3n\u00a0\u00a0<\/p>\n","protected":false},"excerpt":{"rendered":"<p>Santo Domingo.\u2013 El proceso de Evaluaci\u00f3n de Desempe\u00f1o Docente continuar\u00e1 este jueves 30 de abril con el inicio de su sexta fase, centrada en la observaci\u00f3n de clases y la planificaci\u00f3n, seg\u00fan inform\u00f3 la Comisi\u00f3n Nacional Rectora encargada del programa. La entidad explic\u00f3 que la quinta etapa, que hab\u00eda sido suspendida debido a inconvenientes t\u00e9cnicos [&hellip;]<\/p>\n","protected":false},"author":1,"featured_media":24792,"comment_status":"open","ping_status":"open","sticky":false,"template":"","format":"standard","meta":{"amp_status":"","footnotes":""},"categories":[3],"tags":[],"class_list":["post-24791","post","type-post","status-publish","format-standard","has-post-thumbnail","hentry","category-de-ultimo-minuto"],"_links":{"self":[{"href":"https:\/\/ermdigital.com\/index.php\/wp-json\/wp\/v2\/posts\/24791","targetHints":{"allow":["GET"]}}],"collection":[{"href":"https:\/\/ermdigital.com\/index.php\/wp-json\/wp\/v2\/posts"}],"about":[{"href":"https:\/\/ermdigital.com\/index.php\/wp-json\/wp\/v2\/types\/post"}],"author":[{"embeddable":true,"href":"https:\/\/ermdigital.com\/index.php\/wp-json\/wp\/v2\/users\/1"}],"replies":[{"embeddable":true,"href":"https:\/\/ermdigital.com\/index.php\/wp-json\/wp\/v2\/comments?post=24791"}],"version-history":[{"count":0,"href":"https:\/\/ermdigital.com\/index.php\/wp-json\/wp\/v2\/posts\/24791\/revisions"}],"wp:featuredmedia":[{"embeddable":true,"href":"https:\/\/ermdigital.com\/index.php\/wp-json\/wp\/v2\/media\/24792"}],"wp:attachment":[{"href":"https:\/\/ermdigital.com\/index.php\/wp-json\/wp\/v2\/media?parent=24791"}],"wp:term":[{"taxonomy":"category","embeddable":true,"href":"https:\/\/ermdigital.com\/index.php\/wp-json\/wp\/v2\/categories?post=24791"},{"taxonomy":"post_tag","embeddable":true,"href":"https:\/\/ermdigital.com\/index.php\/wp-json\/wp\/v2\/tags?post=24791"}],"curies":[{"name":"wp","href":"https:\/\/api.w.org\/{rel}","templated":true}]}}