{"id":24751,"date":"2026-04-26T19:26:02","date_gmt":"2026-04-26T23:26:02","guid":{"rendered":"https:\/\/ermdigital.com\/index.php\/2026\/04\/26\/leonel-fernandez-cuestiona-posible-fusion-del-mescyt-con-el-minerd-y-propone-modernizacion-de-la-uasd\/"},"modified":"2026-04-26T19:26:02","modified_gmt":"2026-04-26T23:26:02","slug":"leonel-fernandez-cuestiona-posible-fusion-del-mescyt-con-el-minerd-y-propone-modernizacion-de-la-uasd","status":"publish","type":"post","link":"https:\/\/ermdigital.com\/index.php\/2026\/04\/26\/leonel-fernandez-cuestiona-posible-fusion-del-mescyt-con-el-minerd-y-propone-modernizacion-de-la-uasd\/","title":{"rendered":"Leonel Fern\u00e1ndez cuestiona posible fusi\u00f3n del MESCyT con el Minerd y propone modernizaci\u00f3n de la UASD"},"content":{"rendered":"<p><strong>Santo Domingo.\u2013<\/strong> El expresidente de la Rep\u00fablica, Leonel Fern\u00e1ndez, expres\u00f3 su rechazo a la posibilidad de que el Ministerio de Educaci\u00f3n Superior, Ciencia y Tecnolog\u00eda (MESCyT) sea fusionado con el Ministerio de Educaci\u00f3n (Minerd), al considerar que una medida de ese tipo podr\u00eda afectar el funcionamiento del sistema educativo dominicano.<\/p>\n<p>Fern\u00e1ndez sostuvo que ambos ministerios cumplen roles distintos dentro de la estructura del sistema educativo, por lo que una integraci\u00f3n administrativa no ser\u00eda conveniente en el contexto actual del pa\u00eds.<\/p>\n<p>Durante un encuentro con representantes del sector universitario, el tambi\u00e9n l\u00edder pol\u00edtico plante\u00f3 que la educaci\u00f3n superior debe mantenerse con autonom\u00eda institucional y orientarse hacia un proceso de transformaci\u00f3n m\u00e1s profundo.<\/p>\n<p>En ese sentido, el exmandatario defendi\u00f3 la necesidad de impulsar una modernizaci\u00f3n de la Universidad Aut\u00f3noma de Santo Domingo (UASD), con miras a fortalecer su proyecci\u00f3n acad\u00e9mica y tecnol\u00f3gica en las pr\u00f3ximas d\u00e9cadas.<\/p>\n<h4 class=\"wp-block-heading\"><strong>Recomendamos leer:<a href=\"https:\/\/deultimominuto.net\/enlaces\/\" data-type=\"page\" data-id=\"491852\"> Danilo advierte que el PLD no respaldar\u00e1 a ning\u00fan partido: \u201cQue nadie sue\u00f1e con nosotros\u201d<\/a><\/strong><a href=\"https:\/\/deultimominuto.net\/category\/nacionales\/\"><\/a><\/h4>\n<p>Fern\u00e1ndez explic\u00f3 que la educaci\u00f3n superior en el siglo XXI debe centrarse en el desarrollo del conocimiento, la investigaci\u00f3n y la innovaci\u00f3n, con mayor integraci\u00f3n de herramientas digitales y colaboraci\u00f3n internacional.<\/p>\n<p>Asimismo, propuso que la UASD avance hacia un modelo m\u00e1s global, con mayor presencia virtual y conexi\u00f3n con universidades y centros acad\u00e9micos de otras regiones del mundo.<\/p>\n<p>El dirigente pol\u00edtico tambi\u00e9n aprovech\u00f3 el escenario para criticar el desempe\u00f1o actual del sistema educativo, al se\u00f1alar que a\u00fan enfrenta debilidades estructurales que requieren atenci\u00f3n prioritaria.<\/p>\n<p>El encuentro reuni\u00f3 a docentes, estudiantes y representantes de distintas \u00e1reas universitarias, quienes debatieron sobre el futuro de la educaci\u00f3n superior en el pa\u00eds y los desaf\u00edos de su modernizaci\u00f3n.<\/p>\n<p>\u200bSanto Domingo.\u2013 El expresidente de la Rep\u00fablica, Leonel Fern\u00e1ndez, expres\u00f3 su rechazo a la posibilidad de que el Ministerio de Educaci\u00f3n Superior, Ciencia y Tecnolog\u00eda (MESCyT) sea fusionado con el Ministerio de Educaci\u00f3n (Minerd), al considerar que una medida de ese tipo podr\u00eda afectar el funcionamiento del sistema educativo dominicano. Fern\u00e1ndez sostuvo que ambos ministerios\u00a0\u00a0Nacionales, Leonel Fern\u00e1ndez, Mescyt, Minerd, UASD\u00a0\u00a0<\/p>\n","protected":false},"excerpt":{"rendered":"<p>Santo Domingo.\u2013 El expresidente de la Rep\u00fablica, Leonel Fern\u00e1ndez, expres\u00f3 su rechazo a la posibilidad de que el Ministerio de Educaci\u00f3n Superior, Ciencia y Tecnolog\u00eda (MESCyT) sea fusionado con el Ministerio de Educaci\u00f3n (Minerd), al considerar que una medida de ese tipo podr\u00eda afectar el funcionamiento del sistema educativo dominicano. Fern\u00e1ndez sostuvo que ambos ministerios [&hellip;]<\/p>\n","protected":false},"author":1,"featured_media":24752,"comment_status":"open","ping_status":"open","sticky":false,"template":"","format":"standard","meta":{"amp_status":"","footnotes":""},"categories":[3],"tags":[],"class_list":["post-24751","post","type-post","status-publish","format-standard","has-post-thumbnail","hentry","category-de-ultimo-minuto"],"_links":{"self":[{"href":"https:\/\/ermdigital.com\/index.php\/wp-json\/wp\/v2\/posts\/24751","targetHints":{"allow":["GET"]}}],"collection":[{"href":"https:\/\/ermdigital.com\/index.php\/wp-json\/wp\/v2\/posts"}],"about":[{"href":"https:\/\/ermdigital.com\/index.php\/wp-json\/wp\/v2\/types\/post"}],"author":[{"embeddable":true,"href":"https:\/\/ermdigital.com\/index.php\/wp-json\/wp\/v2\/users\/1"}],"replies":[{"embeddable":true,"href":"https:\/\/ermdigital.com\/index.php\/wp-json\/wp\/v2\/comments?post=24751"}],"version-history":[{"count":0,"href":"https:\/\/ermdigital.com\/index.php\/wp-json\/wp\/v2\/posts\/24751\/revisions"}],"wp:featuredmedia":[{"embeddable":true,"href":"https:\/\/ermdigital.com\/index.php\/wp-json\/wp\/v2\/media\/24752"}],"wp:attachment":[{"href":"https:\/\/ermdigital.com\/index.php\/wp-json\/wp\/v2\/media?parent=24751"}],"wp:term":[{"taxonomy":"category","embeddable":true,"href":"https:\/\/ermdigital.com\/index.php\/wp-json\/wp\/v2\/categories?post=24751"},{"taxonomy":"post_tag","embeddable":true,"href":"https:\/\/ermdigital.com\/index.php\/wp-json\/wp\/v2\/tags?post=24751"}],"curies":[{"name":"wp","href":"https:\/\/api.w.org\/{rel}","templated":true}]}}