{"id":24747,"date":"2026-04-26T19:56:37","date_gmt":"2026-04-26T23:56:37","guid":{"rendered":"https:\/\/ermdigital.com\/index.php\/2026\/04\/26\/trump-niega-tener-prisa-por-alcanzar-un-acuerdo-con-iran\/"},"modified":"2026-04-26T19:56:37","modified_gmt":"2026-04-26T23:56:37","slug":"trump-niega-tener-prisa-por-alcanzar-un-acuerdo-con-iran","status":"publish","type":"post","link":"https:\/\/ermdigital.com\/index.php\/2026\/04\/26\/trump-niega-tener-prisa-por-alcanzar-un-acuerdo-con-iran\/","title":{"rendered":"Trump niega tener prisa por alcanzar un acuerdo con Ir\u00e1n"},"content":{"rendered":"<p><strong>Nueva York .- <\/strong>El presidente de Estados Unidos, Donald Trump, asegur\u00f3 este domingo que no tiene prisa por alcanzar un nuevo acuerdo con Ir\u00e1n, subrayando que la estrategia de presi\u00f3n m\u00e1xima de su administraci\u00f3n est\u00e1 asfixiando la econom\u00eda de Teher\u00e1n y ha \u00abdiezmado\u00bb su capacidad operativa.<\/p>\n<p>El mandatario estadounidense, en una entrevista con la cadena Fox News, apunt\u00f3 que\u00a0<a href=\"https:\/\/efe.com\/mundo\/2026-04-23\/trump-presion-fin-guerra-iran-estados-unidos\/\" target=\"_blank\" rel=\"noopener\">el tiempo juega a favor de Washington<\/a>.<\/p>\n<p>Trump destac\u00f3 que, aunque los canales de comunicaci\u00f3n permanecen abiertos a trav\u00e9s de\u00a0<a href=\"https:\/\/efe.com\/mundo\/2026-04-25\/trump-negociadores-estados-unidos-guerra-iran-pakistan\/\" target=\"_blank\" rel=\"noopener\">aliados como Pakist\u00e1n<\/a>, no siente la urgencia de sentarse a la mesa de negociaci\u00f3n de manera inmediata.<\/p>\n<figure class=\"wp-block-image\"><img decoding=\"async\" src=\"https:\/\/i0.wp.com\/efe.com\/wp-content\/uploads\/2026\/04\/Trump-Iran-2-6.webp?resize=900%2C600&amp;ssl=1\" alt=\"Trump niega tener prisa por alcanzar un acuerdo con Ir\u00e1n\" class=\"wp-image-2639639\" title=\"Trump niega tener prisa por alcanzar un acuerdo con Ir\u00e1n | 3 |\"><figcaption class=\"wp-element-caption\">Personas caminan por Teher\u00e1n, capital de Ir\u00e1n, el 22 de abril de 2026. EFE\/Abedin Taherkenareh<\/figcaption><\/figure>\n<h3 class=\"wp-block-heading\">La cr\u00edtica de Trump a la OTAN por su papel en la guerra de Ir\u00e1n<\/h3>\n<p>El presidente reiter\u00f3 que su objetivo primordial sigue siendo evitar que\u00a0<a href=\"https:\/\/efe.com\/mundo\/2026-04-24\/g7-iran-bomba-atomica\/\" target=\"_blank\" rel=\"noopener\">Teher\u00e1n desarrolle armamento at\u00f3mico<\/a>, calificando esta posibilidad como una amenaza existencial para la estabilidad global.<\/p>\n<h4 class=\"wp-block-heading\"><strong>Recomendamos leer:<a href=\"https:\/\/deultimominuto.net\/enlaces\/\" data-type=\"page\" data-id=\"491852\"> Trump asegura que \u201ctirador\u201d fue detenido tras incidente en cena de corresponsales<\/a><\/strong><a href=\"https:\/\/deultimominuto.net\/category\/internacionales\/\"><\/a><\/h4>\n<p>\u00abNo se puede permitir que Ir\u00e1n posea armas nucleares bajo ninguna circunstancia. Usar\u00edan esas armas y pondr\u00edan en peligro a Israel, a Europa y a los propios Estados Unidos. Estamos haciendo un servicio al mundo al evitarlo\u00bb, sentenci\u00f3.<\/p>\n<p>La entrevista tambi\u00e9n sirvi\u00f3 para que el mandatario expresara su descontento con los\u00a0<a href=\"https:\/\/efe.com\/mundo\/2026-03-28\/trump-aliados-arabia-otan\/\" target=\"_blank\" rel=\"noopener\">aliados europeos y la OTAN<\/a>, a quienes acus\u00f3 de no haber brindado el apoyo necesario en la contenci\u00f3n del r\u00e9gimen iran\u00ed, a pesar de los \u00abbillones de d\u00f3lares\u00bb que EE. UU. invierte en la protecci\u00f3n de Europa frente a Rusia.<\/p>\n<figure class=\"wp-block-image size-full\"><img loading=\"lazy\" decoding=\"async\" width=\"900\" height=\"599\" src=\"https:\/\/cdn.deultimominuto.net\/wp-content\/uploads\/2026\/04\/Trump-Iran-1-7.webp\" alt=\"Trump niega tener prisa por alcanzar un acuerdo con Ir\u00e1n\" class=\"wp-image-646423\" title=\"Trump niega tener prisa por alcanzar un acuerdo con Ir\u00e1n | 4 |\"><figcaption class=\"wp-element-caption\">Trump niega tener prisa por alcanzar un acuerdo con Ir\u00e1n<\/figcaption><\/figure>\n<p>\u200bNueva York .- El presidente de Estados Unidos, Donald Trump, asegur\u00f3 este domingo que no tiene prisa por alcanzar un nuevo acuerdo con Ir\u00e1n, subrayando que la estrategia de presi\u00f3n m\u00e1xima de su administraci\u00f3n est\u00e1 asfixiando la econom\u00eda de Teher\u00e1n y ha \u00abdiezmado\u00bb su capacidad operativa. El mandatario estadounidense, en una entrevista con la cadena\u00a0\u00a0Internacionales, IR\u00c1N, Trump\u00a0\u00a0<\/p>\n","protected":false},"excerpt":{"rendered":"<p>Nueva York .- El presidente de Estados Unidos, Donald Trump, asegur\u00f3 este domingo que no tiene prisa por alcanzar un nuevo acuerdo con Ir\u00e1n, subrayando que la estrategia de presi\u00f3n m\u00e1xima de su administraci\u00f3n est\u00e1 asfixiando la econom\u00eda de Teher\u00e1n y ha \u00abdiezmado\u00bb su capacidad operativa. El mandatario estadounidense, en una entrevista con la cadena [&hellip;]<\/p>\n","protected":false},"author":1,"featured_media":24748,"comment_status":"open","ping_status":"open","sticky":false,"template":"","format":"standard","meta":{"amp_status":"","footnotes":""},"categories":[3],"tags":[],"class_list":["post-24747","post","type-post","status-publish","format-standard","has-post-thumbnail","hentry","category-de-ultimo-minuto"],"_links":{"self":[{"href":"https:\/\/ermdigital.com\/index.php\/wp-json\/wp\/v2\/posts\/24747","targetHints":{"allow":["GET"]}}],"collection":[{"href":"https:\/\/ermdigital.com\/index.php\/wp-json\/wp\/v2\/posts"}],"about":[{"href":"https:\/\/ermdigital.com\/index.php\/wp-json\/wp\/v2\/types\/post"}],"author":[{"embeddable":true,"href":"https:\/\/ermdigital.com\/index.php\/wp-json\/wp\/v2\/users\/1"}],"replies":[{"embeddable":true,"href":"https:\/\/ermdigital.com\/index.php\/wp-json\/wp\/v2\/comments?post=24747"}],"version-history":[{"count":0,"href":"https:\/\/ermdigital.com\/index.php\/wp-json\/wp\/v2\/posts\/24747\/revisions"}],"wp:featuredmedia":[{"embeddable":true,"href":"https:\/\/ermdigital.com\/index.php\/wp-json\/wp\/v2\/media\/24748"}],"wp:attachment":[{"href":"https:\/\/ermdigital.com\/index.php\/wp-json\/wp\/v2\/media?parent=24747"}],"wp:term":[{"taxonomy":"category","embeddable":true,"href":"https:\/\/ermdigital.com\/index.php\/wp-json\/wp\/v2\/categories?post=24747"},{"taxonomy":"post_tag","embeddable":true,"href":"https:\/\/ermdigital.com\/index.php\/wp-json\/wp\/v2\/tags?post=24747"}],"curies":[{"name":"wp","href":"https:\/\/api.w.org\/{rel}","templated":true}]}}