{"id":24745,"date":"2026-04-26T20:03:55","date_gmt":"2026-04-27T00:03:55","guid":{"rendered":"https:\/\/ermdigital.com\/index.php\/2026\/04\/26\/el-lider-de-la-oposicion-israeli-y-el-ex-primer-ministro-se-alian-en-juntos-el-partido-que-quiere-echar-a-netanyahu-del-gobierno\/"},"modified":"2026-04-26T20:03:55","modified_gmt":"2026-04-27T00:03:55","slug":"el-lider-de-la-oposicion-israeli-y-el-ex-primer-ministro-se-alian-en-juntos-el-partido-que-quiere-echar-a-netanyahu-del-gobierno","status":"publish","type":"post","link":"https:\/\/ermdigital.com\/index.php\/2026\/04\/26\/el-lider-de-la-oposicion-israeli-y-el-ex-primer-ministro-se-alian-en-juntos-el-partido-que-quiere-echar-a-netanyahu-del-gobierno\/","title":{"rendered":"El l\u00edder de la oposici\u00f3n israel\u00ed y el ex primer ministro se al\u00edan en Juntos, el partido que quiere echar a Netanyahu del gobierno"},"content":{"rendered":"<p><strong>Jerusal\u00e9n.-<\/strong> El l\u00edder de la oposici\u00f3n israel\u00ed, Yair Lapid, y el ex primer ministro Naftali Bennett presentaron este domingo Juntos, el partido resultante de la fusi\u00f3n de sus formaciones de centro y centro-derecha, respectivamente, y que pretende echar del gobierno a Benjam\u00edn Netanyahu en las elecciones generales de este oto\u00f1o.<\/p>\n<p>Al frente de la nueva formaci\u00f3n estar\u00e1 Bennett, el candidato favorito en las encuestas y que ya concurri\u00f3 junto a Lapid en una coalici\u00f3n a los comicios de 2021, consiguiendo en ese momento desbancar a Netanyahu del poder.<\/p>\n<p>Las disputas dentro de esa alianza acabaron entonces en la convocatoria de nuevas elecciones en 2022, que llevaron de nuevo al poder a Netanyahu, quien consigui\u00f3 formar un gobierno junto a partidos de extrema derecha y jud\u00edos ortodoxos.<\/p>\n<figure class=\"wp-block-image\"><img decoding=\"async\" src=\"https:\/\/i0.wp.com\/efe.com\/wp-content\/uploads\/2026\/04\/El-lider-de-la-oposicion-israeli-y-el-ex-primer-ministro-se-alian-en-Juntos-el-partido-que-quiere-echar-a-Netanyahu-del-gobierno2.webp?resize=980%2C654&amp;ssl=1\" alt=\"El l\u00edder de la oposici\u00f3n israel\u00ed y el ex primer ministro se al\u00edan en Juntos, el partido que quiere echar a Netanyahu del gobierno - Noticias de hoy en Rep\u00fablica Dominicana | De \u00daltimo Minuto\" class=\"wp-image-2639671\" title=\"El l\u00edder de la oposici\u00f3n israel\u00ed y el ex primer ministro se al\u00edan en Juntos, el partido que quiere echar a Netanyahu del gobierno | 2 |\"><figcaption class=\"wp-element-caption\">Los ex primeros ministros israel\u00edes Naftali Bennett (izquierda) y Yair Lapid (derecha) ofrecen una rueda de prensa conjunta. EFE\/EPA\/ABIR SULTAN<\/figcaption><\/figure>\n<h3 class=\"wp-block-heading\">Nuevo partido<\/h3>\n<p>Bennett y Lapid presentaron este domingo en una rueda de prensa conjunta el nuevo partido, resultante de la fusi\u00f3n de sus formaciones, Yesh Atid (Hay Futuro) y Bennett 2026.<\/p>\n<p>\u00abEstamos viviendo un momento crucial. Los momentos cruciales exigen acciones audaces. Y eso es lo que estamos haciendo esta noche\u00bb, dijo Bennett, que a\u00f1adi\u00f3 que aliarse es \u00abel acto m\u00e1s sionista y m\u00e1s patri\u00f3tico\u00bb que nunca han hecho por Israel.<\/p>\n<p>\u00abLa era de la divisi\u00f3n ha terminado; la era de la reconciliaci\u00f3n ha llegado\u00bb, continu\u00f3 Bennett, que prometi\u00f3 que si llega al poder, establecer\u00e1 una\u00a0<a href=\"https:\/\/efe.com\/mundo\/2026-04-26\/presidente-israeli-pospone-indulto-netanyahu\/\" target=\"_blank\" rel=\"noreferrer noopener\">comisi\u00f3n de investigaci\u00f3n estatal<\/a>\u00a0sobre los fallos de seguridad que posibilitaron el ataque del 7 de octubre de 2023, limitar\u00e1 el mandato del primer ministro a ocho a\u00f1os y proteger\u00e1 \u00ablas tierras de nuestro pa\u00eds\u00bb sin ceder \u00abni un \u00e1pice al enemigo\u00bb.<\/p>\n<h4 class=\"wp-block-heading\"><strong>Recomendamos leer:<a href=\"https:\/\/deultimominuto.net\/enlaces\/\" data-type=\"page\" data-id=\"491852\"> La violencia en el suroeste de Colombia impacta la campa\u00f1a presidencial de mayo<\/a><\/strong><a href=\"https:\/\/deultimominuto.net\/category\/internacionales\/\"><\/a><\/h4>\n<p>De acuerdo al \u00faltimo sondeo electoral del Canal 12 israel\u00ed, sus partidos obtendr\u00edan juntos un total de 28 esca\u00f1os -21 para Bennett y 7 para Lapid-, superando al partido de Netanyahu (Likud), pero sin llegar a los 61 esca\u00f1os de la mayor\u00eda, por lo que tendr\u00edan que pactar con otros partidos<\/p>\n<p>En la rueda de prensa, Bennett tendi\u00f3 la mando a Gadi Eisenkot, segundo por detr\u00e1s de Bennett en las encuestas, exjefe del Estado Mayor y dirigente del partido centrista Yashar! (\u00a1Recto!), que este domingo celebr\u00f3 la creaci\u00f3n de Juntos y calific\u00f3 a sus l\u00edderes de \u00absocios\u00bb.<\/p>\n<p>\u00abGadi, nuestra puerta tambi\u00e9n est\u00e1 abierta para ti. Pronto volveremos a un gobierno de todos, no de m\u00ed. Guiaremos al pueblo por el camino en el que cree la gran mayor\u00eda de los ciudadanos israel\u00edes\u00bb, le dijo.<\/p>\n<p>Preguntado por si se aliar\u00eda con partidos \u00e1rabes, neg\u00f3 su intenci\u00f3n de hacerlo, afirmando que solo se apoyar\u00e1 en partidos sionistas, y acerca de si se ve ali\u00e1ndose con Netanyahu asegur\u00f3 que, \u00abdespu\u00e9s de 30 a\u00f1os, es hora de despedirse de \u00e9l\u00bb.<\/p>\n<p>Por su parte, Lapid\u00a0<a href=\"https:\/\/efe.com\/mundo\/2026-04-26\/netanyahu-acusa-hizbula-desintegrar-alto-fuego-libano\/\" target=\"_blank\" rel=\"noreferrer noopener\">afirm\u00f3 que Israel\u00a0<\/a>\u00abnecesita la unidad como el aire para respirar\u00bb y anim\u00f3 al centro israel\u00ed a votar al nuevo partido. \u00abBennett es claramente derechista, pero es un derechista liberal, decente y respetuoso de la ley\u00bb, dijo.<\/p>\n<p>\u00abHoy nos unimos para ganar las elecciones y\u00a0<a href=\"https:\/\/efe.com\/mundo\/2026-04-25\/netanyahu-ordena-atacar-contundencia-hizbula\/\" target=\"_blank\" rel=\"noreferrer noopener\">establecer un gobierno sionista<\/a>\u00a0fuerte y estable, una conexi\u00f3n entre el centro y la derecha, entre lo religioso y lo secular, entre el norte y el sur, sin evasivas ni extremismos\u00bb, a\u00f1adio.<\/p>\n<p>\u200bJerusal\u00e9n.- El l\u00edder de la oposici\u00f3n israel\u00ed, Yair Lapid, y el ex primer ministro Naftali Bennett presentaron este domingo Juntos, el partido resultante de la fusi\u00f3n de sus formaciones de centro y centro-derecha, respectivamente, y que pretende echar del gobierno a Benjam\u00edn Netanyahu en las elecciones generales de este oto\u00f1o. Al frente de la nueva\u00a0\u00a0Internacionales, Gobierno, Israel\u00ed, Netanyahu\u00a0\u00a0<\/p>\n","protected":false},"excerpt":{"rendered":"<p>Jerusal\u00e9n.- El l\u00edder de la oposici\u00f3n israel\u00ed, Yair Lapid, y el ex primer ministro Naftali Bennett presentaron este domingo Juntos, el partido resultante de la fusi\u00f3n de sus formaciones de centro y centro-derecha, respectivamente, y que pretende echar del gobierno a Benjam\u00edn Netanyahu en las elecciones generales de este oto\u00f1o. Al frente de la nueva [&hellip;]<\/p>\n","protected":false},"author":1,"featured_media":24746,"comment_status":"open","ping_status":"open","sticky":false,"template":"","format":"standard","meta":{"amp_status":"","footnotes":""},"categories":[3],"tags":[],"class_list":["post-24745","post","type-post","status-publish","format-standard","has-post-thumbnail","hentry","category-de-ultimo-minuto"],"_links":{"self":[{"href":"https:\/\/ermdigital.com\/index.php\/wp-json\/wp\/v2\/posts\/24745","targetHints":{"allow":["GET"]}}],"collection":[{"href":"https:\/\/ermdigital.com\/index.php\/wp-json\/wp\/v2\/posts"}],"about":[{"href":"https:\/\/ermdigital.com\/index.php\/wp-json\/wp\/v2\/types\/post"}],"author":[{"embeddable":true,"href":"https:\/\/ermdigital.com\/index.php\/wp-json\/wp\/v2\/users\/1"}],"replies":[{"embeddable":true,"href":"https:\/\/ermdigital.com\/index.php\/wp-json\/wp\/v2\/comments?post=24745"}],"version-history":[{"count":0,"href":"https:\/\/ermdigital.com\/index.php\/wp-json\/wp\/v2\/posts\/24745\/revisions"}],"wp:featuredmedia":[{"embeddable":true,"href":"https:\/\/ermdigital.com\/index.php\/wp-json\/wp\/v2\/media\/24746"}],"wp:attachment":[{"href":"https:\/\/ermdigital.com\/index.php\/wp-json\/wp\/v2\/media?parent=24745"}],"wp:term":[{"taxonomy":"category","embeddable":true,"href":"https:\/\/ermdigital.com\/index.php\/wp-json\/wp\/v2\/categories?post=24745"},{"taxonomy":"post_tag","embeddable":true,"href":"https:\/\/ermdigital.com\/index.php\/wp-json\/wp\/v2\/tags?post=24745"}],"curies":[{"name":"wp","href":"https:\/\/api.w.org\/{rel}","templated":true}]}}