{"id":24743,"date":"2026-04-26T20:10:18","date_gmt":"2026-04-27T00:10:18","guid":{"rendered":"https:\/\/ermdigital.com\/index.php\/2026\/04\/26\/karol-g-enfrenta-duelo-familiar-tras-la-muerte-de-su-tia-teresa\/"},"modified":"2026-04-26T20:10:18","modified_gmt":"2026-04-27T00:10:18","slug":"karol-g-enfrenta-duelo-familiar-tras-la-muerte-de-su-tia-teresa","status":"publish","type":"post","link":"https:\/\/ermdigital.com\/index.php\/2026\/04\/26\/karol-g-enfrenta-duelo-familiar-tras-la-muerte-de-su-tia-teresa\/","title":{"rendered":"Karol G enfrenta duelo familiar tras la muerte de su t\u00eda Teresa"},"content":{"rendered":"<p>El fallecimiento de una t\u00eda cercana de la cantante Karol G ha marcado un momento de duelo en la vida personal de la artista colombiana. La noticia, confirmada por familiares el 22 de abril de 2026, generando una ola de reacciones entre seguidores, quienes han expresado su solidaridad ante la p\u00e9rdida.<\/p>\n<p>De acuerdo con publicaciones realizadas por integrantes de su familia en redes sociales, la mujer identificada como Teresa formaba parte del c\u00edrculo \u00edntimo de la cantante. Los mensajes compartidos destacaron su papel dentro del n\u00facleo familiar y el vac\u00edo que deja su partida.<\/p>\n<p><strong>Te puede interesar:<\/strong> <a href=\"https:\/\/deultimominuto.net\/entretenimiento\/karol-g-incluira-a-republica-dominicana-en-su-nueva-gira-internacional\/\" data-type=\"post\" data-id=\"643703\">Karol G incluir\u00e1 a Rep\u00fablica Dominicana en su nueva gira internacional<\/a><\/p>\n<p>En los d\u00edas posteriores al deceso, se difundieron en plataformas digitales im\u00e1genes correspondientes a las honras f\u00fanebres. En estos registros se observa a la int\u00e9rprete en un ambiente reservado, acompa\u00f1ada \u00fanicamente por familiares y allegados, en una ceremonia caracterizada por la discreci\u00f3n.<\/p>\n<p>Las im\u00e1genes, que no fueron divulgadas por medios oficiales, muestran a la artista visiblemente afectada, en contraste con su habitual presencia p\u00fablica.<\/p>\n<p>Hasta el momento, no se han emitido comunicados formales por parte del equipo de la cantante confirmado la noticia. La informaci\u00f3n disponible ha surgido principalmente de publicaciones familiares y del contenido que ha circulado en redes sociales, el cual ha captado la atenci\u00f3n de seguidores y medios de entretenimiento.<\/p>\n<p>Este episodio ocurre en paralelo a una etapa activa en la carrera de la artista, marcada por el lanzamiento de nuevos proyectos musicales y la preparaci\u00f3n de su pr\u00f3xima gira internacional.<\/p>\n<p>\u200bEl fallecimiento de una t\u00eda cercana de la cantante Karol G ha marcado un momento de duelo en la vida personal de la artista colombiana. La noticia, confirmada por familiares el 22 de abril de 2026, generando una ola de reacciones entre seguidores, quienes han expresado su solidaridad ante la p\u00e9rdida. De acuerdo con publicaciones\u00a0\u00a0Entretenimiento, Karol G\u00a0\u00a0<\/p>\n","protected":false},"excerpt":{"rendered":"<p>El fallecimiento de una t\u00eda cercana de la cantante Karol G ha marcado un momento de duelo en la vida personal de la artista colombiana. La noticia, confirmada por familiares el 22 de abril de 2026, generando una ola de reacciones entre seguidores, quienes han expresado su solidaridad ante la p\u00e9rdida. De acuerdo con publicaciones [&hellip;]<\/p>\n","protected":false},"author":1,"featured_media":24744,"comment_status":"open","ping_status":"open","sticky":false,"template":"","format":"standard","meta":{"amp_status":"","footnotes":""},"categories":[3],"tags":[],"class_list":["post-24743","post","type-post","status-publish","format-standard","has-post-thumbnail","hentry","category-de-ultimo-minuto"],"_links":{"self":[{"href":"https:\/\/ermdigital.com\/index.php\/wp-json\/wp\/v2\/posts\/24743","targetHints":{"allow":["GET"]}}],"collection":[{"href":"https:\/\/ermdigital.com\/index.php\/wp-json\/wp\/v2\/posts"}],"about":[{"href":"https:\/\/ermdigital.com\/index.php\/wp-json\/wp\/v2\/types\/post"}],"author":[{"embeddable":true,"href":"https:\/\/ermdigital.com\/index.php\/wp-json\/wp\/v2\/users\/1"}],"replies":[{"embeddable":true,"href":"https:\/\/ermdigital.com\/index.php\/wp-json\/wp\/v2\/comments?post=24743"}],"version-history":[{"count":0,"href":"https:\/\/ermdigital.com\/index.php\/wp-json\/wp\/v2\/posts\/24743\/revisions"}],"wp:featuredmedia":[{"embeddable":true,"href":"https:\/\/ermdigital.com\/index.php\/wp-json\/wp\/v2\/media\/24744"}],"wp:attachment":[{"href":"https:\/\/ermdigital.com\/index.php\/wp-json\/wp\/v2\/media?parent=24743"}],"wp:term":[{"taxonomy":"category","embeddable":true,"href":"https:\/\/ermdigital.com\/index.php\/wp-json\/wp\/v2\/categories?post=24743"},{"taxonomy":"post_tag","embeddable":true,"href":"https:\/\/ermdigital.com\/index.php\/wp-json\/wp\/v2\/tags?post=24743"}],"curies":[{"name":"wp","href":"https:\/\/api.w.org\/{rel}","templated":true}]}}