{"id":24713,"date":"2026-04-26T18:38:38","date_gmt":"2026-04-26T22:38:38","guid":{"rendered":"https:\/\/ermdigital.com\/index.php\/2026\/04\/26\/la-violencia-en-el-suroeste-de-colombia-impacta-la-campana-presidencial-de-mayo\/"},"modified":"2026-04-26T18:38:38","modified_gmt":"2026-04-26T22:38:38","slug":"la-violencia-en-el-suroeste-de-colombia-impacta-la-campana-presidencial-de-mayo","status":"publish","type":"post","link":"https:\/\/ermdigital.com\/index.php\/2026\/04\/26\/la-violencia-en-el-suroeste-de-colombia-impacta-la-campana-presidencial-de-mayo\/","title":{"rendered":"La violencia en el suroeste de Colombia impacta la campa\u00f1a presidencial de mayo"},"content":{"rendered":"<p><strong>Bogot\u00e1.-<\/strong> La oleada de violencia en el suroeste de Colombia, que deja al menos 19 civiles muertos tras un ataque guerrillero con un cilindro bomba en la V\u00eda Panamericana, se traslad\u00f3 a la campa\u00f1a para las elecciones presidenciales del pr\u00f3ximo 31 de mayo, con un cruce de acusaciones entre los principales candidatos.<\/p>\n<p>El\u00a0<a href=\"https:\/\/efe.com\/mundo\/2026-04-26\/colombia-atentado-bomba-via-panamericana-muertos-disidencias-farc\/\" target=\"_blank\" rel=\"noopener\">atentado perpetrado el s\u00e1bado en el sector de El T\u00fanel<\/a>, en el municipio de Cajib\u00edo, departamento del Cauca, y atribuido por las autoridades a disidencias de las antiguas FARC, ha atizado el debate pol\u00edtico sobre el conflicto armado y la paz a solo 36 d\u00edas de las elecciones presidenciales.<\/p>\n<p>El candidato del oficialista Pacto Hist\u00f3rico, Iv\u00e1n Cepeda, conden\u00f3 el ataque y expres\u00f3 su \u00abm\u00e1s en\u00e9rgico rechazo\u00bb a lo que calific\u00f3 como actos de barbarie contra la poblaci\u00f3n civil, pero tambi\u00e9n plante\u00f3 que existe una \u00abinquietud leg\u00edtima\u00bb sobre si estos hechos buscan generar un clima de miedo que favorezca a sectores de extrema derecha en medio del proceso electoral.<\/p>\n<p>\u00abResulta profundamente preocupante que estas acciones terroristas se presenten en regiones del sur del pa\u00eds donde existe un amplio respaldo ciudadano a nuestro proyecto pol\u00edtico\u00bb, dijo Cepeda en redes sociales.<\/p>\n<h3 class=\"wp-block-heading\">Cr\u00edticas a la \u00abpaz total\u00bb<\/h3>\n<p>Desde la orilla opuesta, la candidata del partido opositor de derecha Centro Democr\u00e1tico, Paloma Valencia, rechaz\u00f3 la interpretaci\u00f3n de Cepeda y lo acus\u00f3 de desviar la atenci\u00f3n, al tiempo que sostuvo que la pol\u00edtica de \u00abpaz total\u00bb\u00a0<a href=\"https:\/\/efe.com\/foto-del-dia\/2026-04-17\/petro-fracaso-paz-colombia-2\/\" target=\"_blank\" rel=\"noopener\">del presidente Gustavo Petro ha fracasado<\/a>\u00a0y es responsable del deterioro del orden p\u00fablico.<\/p>\n<figure class=\"wp-block-image\"><img decoding=\"async\" src=\"https:\/\/i0.wp.com\/efe.com\/wp-content\/uploads\/2026\/04\/Colombia-violencia-2.webp?resize=900%2C605&amp;ssl=1\" alt=\"La violencia en el suroeste de Colombia impacta la campa\u00f1a presidencial de mayo\" class=\"wp-image-2639787\" title=\"La violencia en el suroeste de Colombia impacta la campa\u00f1a presidencial de mayo | 4 |\"><figcaption class=\"wp-element-caption\">Una persona observa, este 26 de abril de 2026, el lugar donde ocurri\u00f3 un atentado en la V\u00eda Panamericana en Cajib\u00edo (Colombia). EFE\/Ernesto Guzm\u00e1n<\/figcaption><\/figure>\n<p>\u00abEl pa\u00eds no merece que desv\u00ede la atenci\u00f3n insinuando que esto busca favorecer a sectores pol\u00edticos. Lleg\u00f3 el momento de asumir, con todas las letras, que la paz total fracas\u00f3\u00bb, respondi\u00f3 Valencia a Cepeda en X.<\/p>\n<p>La pol\u00edtica de \u00abpaz total\u00bb de Petro incluye di\u00e1logos con la guerrilla del Ej\u00e9rcito de Liberaci\u00f3n Nacional (ELN) que no llegaron a buen puerto y tambi\u00e9n negociaciones con las disidencias de las FARC y el sometimiento a la Justicia de bandas como el Clan del Golfo, la mayor organizaci\u00f3n criminal del pa\u00eds, sin resultados tangibles hasta ahora.<\/p>\n<h4 class=\"wp-block-heading\"><strong>Recomendamos leer:<a href=\"https:\/\/deultimominuto.net\/enlaces\/\" data-type=\"page\" data-id=\"491852\"> Ascienden a 19 los civiles muertos por el ataque con una bomba en la V\u00eda Panamericana en Colombia<\/a><\/strong><a href=\"https:\/\/deultimominuto.net\/category\/internacionales\/\"><\/a><\/h4>\n<p>En la misma l\u00ednea, el abogado ultraderechista Abelardo de la Espriella, del movimiento Firmes por la Patria, asegur\u00f3 que la violencia reciente es consecuencia directa de esa estrategia y propuso una \u00abguerra frontal, sin tregua ni negociaci\u00f3n\u00bb contra los grupos armados ilegales.<\/p>\n<p>\u00abEstos no son actos aislados. Son parte de un plan de desestabilizaci\u00f3n del desgobierno de Petro y de sus c\u00f3mplices\u00bb, expres\u00f3 el candidato en un comunicado publicado por su campa\u00f1a.<\/p>\n<h3 class=\"wp-block-heading\">Un Estado \u00abdebilitado\u00bb ante la violencia en Colombia<\/h3>\n<p>Por su parte, Sergio Fajardo, del partido de centro Dignidad y Compromiso, expres\u00f3 su solidaridad con las v\u00edctimas y afirm\u00f3 que \u00abColombia vuelve a sangrar\u00bb, al tiempo que consider\u00f3 que la pol\u00edtica de seguridad del Gobierno ha debilitado la autoridad del Estado y requiere una revisi\u00f3n urgente.<\/p>\n<p>A las cr\u00edticas tambi\u00e9n se sum\u00f3 el expresidente Iv\u00e1n Duque (2018-2022) quien asegur\u00f3 que los hechos recientes reflejan \u00ablas consecuencias de una pol\u00edtica de apaciguamiento\u00bb que, a su juicio, ha debilitado la seguridad y reducido la capacidad ofensiva del Estado, al tiempo que expres\u00f3 su respaldo a la fuerza p\u00fablica.<\/p>\n<p>El atentado en Cajib\u00edo se produjo en medio de una ola de acciones violentas en el sureste del pa\u00eds, donde en los \u00faltimos d\u00edas tambi\u00e9n se perpetraron\u00a0<a href=\"https:\/\/efe.com\/mundo\/2026-04-24\/ataque-batallon-explosivos-cali\/\" target=\"_blank\" rel=\"noopener\">ataques con cilindros bomba contra unidades militares en Cali<\/a>\u00a0y Palmira, en el departamento de Valle del Cauca, que no dejaron v\u00edctimas<\/p>\n<p>Igualmente el s\u00e1bado fue atacado un radar de la Aeron\u00e1utica Civil en el Cerro Santana, en el municipio de El Tambo (<a href=\"https:\/\/efe.com\/mundo\/2026-04-25\/colombia-atentado-terrorista-via-panamericana-muertos\/\" target=\"_blank\" rel=\"noopener\">Cauca<\/a>), todos estos hechos atribuidos por el Ej\u00e9rcito a los distintos grupos que componen el Estado Mayor Central (EMC), la principal disidencia de las FARC, liderada por N\u00e9stor Gregorio Vera, alias Iv\u00e1n Mordisco, el hombre m\u00e1s buscado de Colombia.<\/p>\n<p>\u200bBogot\u00e1.- La oleada de violencia en el suroeste de Colombia, que deja al menos 19 civiles muertos tras un ataque guerrillero con un cilindro bomba en la V\u00eda Panamericana, se traslad\u00f3 a la campa\u00f1a para las elecciones presidenciales del pr\u00f3ximo 31 de mayo, con un cruce de acusaciones entre los principales candidatos. El\u00a0atentado perpetrado el\u00a0\u00a0Internacionales, Colombia, la violencia, Presidencial\u00a0\u00a0<\/p>\n","protected":false},"excerpt":{"rendered":"<p>Bogot\u00e1.- La oleada de violencia en el suroeste de Colombia, que deja al menos 19 civiles muertos tras un ataque guerrillero con un cilindro bomba en la V\u00eda Panamericana, se traslad\u00f3 a la campa\u00f1a para las elecciones presidenciales del pr\u00f3ximo 31 de mayo, con un cruce de acusaciones entre los principales candidatos. El\u00a0atentado perpetrado el [&hellip;]<\/p>\n","protected":false},"author":1,"featured_media":24714,"comment_status":"open","ping_status":"open","sticky":false,"template":"","format":"standard","meta":{"amp_status":"","footnotes":""},"categories":[3],"tags":[],"class_list":["post-24713","post","type-post","status-publish","format-standard","has-post-thumbnail","hentry","category-de-ultimo-minuto"],"_links":{"self":[{"href":"https:\/\/ermdigital.com\/index.php\/wp-json\/wp\/v2\/posts\/24713","targetHints":{"allow":["GET"]}}],"collection":[{"href":"https:\/\/ermdigital.com\/index.php\/wp-json\/wp\/v2\/posts"}],"about":[{"href":"https:\/\/ermdigital.com\/index.php\/wp-json\/wp\/v2\/types\/post"}],"author":[{"embeddable":true,"href":"https:\/\/ermdigital.com\/index.php\/wp-json\/wp\/v2\/users\/1"}],"replies":[{"embeddable":true,"href":"https:\/\/ermdigital.com\/index.php\/wp-json\/wp\/v2\/comments?post=24713"}],"version-history":[{"count":0,"href":"https:\/\/ermdigital.com\/index.php\/wp-json\/wp\/v2\/posts\/24713\/revisions"}],"wp:featuredmedia":[{"embeddable":true,"href":"https:\/\/ermdigital.com\/index.php\/wp-json\/wp\/v2\/media\/24714"}],"wp:attachment":[{"href":"https:\/\/ermdigital.com\/index.php\/wp-json\/wp\/v2\/media?parent=24713"}],"wp:term":[{"taxonomy":"category","embeddable":true,"href":"https:\/\/ermdigital.com\/index.php\/wp-json\/wp\/v2\/categories?post=24713"},{"taxonomy":"post_tag","embeddable":true,"href":"https:\/\/ermdigital.com\/index.php\/wp-json\/wp\/v2\/tags?post=24713"}],"curies":[{"name":"wp","href":"https:\/\/api.w.org\/{rel}","templated":true}]}}