{"id":24707,"date":"2026-04-26T18:57:45","date_gmt":"2026-04-26T22:57:45","guid":{"rendered":"https:\/\/ermdigital.com\/index.php\/2026\/04\/26\/fonseca-honra-el-tiempo-con-un-nuevo-album-fiel-a-su-sonido-tropical-con-visos-de-pop\/"},"modified":"2026-04-26T18:57:45","modified_gmt":"2026-04-26T22:57:45","slug":"fonseca-honra-el-tiempo-con-un-nuevo-album-fiel-a-su-sonido-tropical-con-visos-de-pop","status":"publish","type":"post","link":"https:\/\/ermdigital.com\/index.php\/2026\/04\/26\/fonseca-honra-el-tiempo-con-un-nuevo-album-fiel-a-su-sonido-tropical-con-visos-de-pop\/","title":{"rendered":"Fonseca \u00abhonra el tiempo\u00bb con un nuevo \u00e1lbum fiel a su sonido \u00abtropical con visos de pop\u00bb"},"content":{"rendered":"<p><strong>Miami .- <\/strong>Fonseca lanz\u00f3 este viernes un nuevo \u00e1lbum, \u2018Antes que el tiempo se vaya\u2019, que describi\u00f3 en una entrevista con EFE como un \u00abhomenaje\u00bb al pasar de los a\u00f1os y una muestra de ese sonido suyo que ha trabajado durante toda su trayectoria: \u00abtropical con algunos visos de pop\u00bb.<\/p>\n<p>El cantautor explic\u00f3 que son doce canciones con ritmos como la salsa, de la mano de Rub\u00e9n Blades; el merengue, \u00abdesde mi esquina\u00bb, al que incorpora el acorde\u00f3n, e incluso por primera vez la cumbia, con \u2018Barco de papel\u2019, y hasta rap, en \u2018No me resisto\u2019, acompa\u00f1ado de su compatriota Nampa B\u00e1sico.<a href=\"https:\/\/whatsapp.com\/channel\/0029VayTEv30AgW3vHZ95u1T\" target=\"_blank\" rel=\"noreferrer noopener\"><\/a><\/p>\n<p>En esta, su und\u00e9cima producci\u00f3n de estudio, el colombiano dice que \u00abes una locura\u00bb trabajar con el salsero paname\u00f1o y todos los dem\u00e1s colaboradores, que incluyen tambi\u00e9n a la banda venezolana Rawayana, Manuel Medrano, R\u00edo Roma y Juanes, quien lo acompa\u00f1a en el tema que da t\u00edtulo al \u00e1lbum, otro merengue a su estilo.<\/p>\n<h3 class=\"wp-block-heading\">A\u00f1oranza, melancol\u00eda y gratitud<\/h3>\n<p>\u00abMe encant\u00f3 porque fui a hacer una mezcla de un merengue con un acorde\u00f3n y con la guitarra el\u00e9ctrica de Juanes, creo que lo hace muy particular\u00bb, abund\u00f3 el ganador de nueve premios Latin Grammy.<\/p>\n<h4 class=\"wp-block-heading\"><strong>Recomendamos leer:<a href=\"https:\/\/deultimominuto.net\/enlaces\/\" data-type=\"page\" data-id=\"491852\"> \u00c9xodo Lirical se queda con el subcampeonato mundial en FMS Internacional 2026<\/a><\/strong><a href=\"https:\/\/deultimominuto.net\/category\/entretenimiento\/\"><\/a><\/h4>\n<p>Acostumbrado a titular sus discos con una sola palabra, esta vez dice que lo \u00absolt\u00f3\u00bb porque \u2018Antes de que el tiempo se vaya\u2019, es una \u00abfrase muy poderosa\u00bb, una reflexi\u00f3n a no desperdiciarlo.<\/p>\n<p>\u00abYo siento que si antes mi bandera de la gratitud, digamos en mis letras, ha sido muy presente, creo que ahora est\u00e1 a trav\u00e9s de esto, de honrar el tiempo, que para m\u00ed es como el mismo mensaje, puesto de manera diferente. Agradecerle a la vida, agradecerle a la familia, a la tierra donde uno naci\u00f3\u00bb, dijo.<\/p>\n<p>En ese sentido, se\u00f1ala que \u2018Nunca me fui\u2019, junto con Blades, es una canci\u00f3n con la que se identifica como inmigrante en Estados Unidos.<\/p>\n<p>\u00abEs como un tema de a\u00f1oranza y de melancol\u00eda y de gratitud por la tierra de donde uno es, sin importar los a\u00f1os que uno lleve fuera, porque yo llevo 14 a\u00f1os viviendo fuera de Bogot\u00e1 y cada vez que aterrizo en Bogot\u00e1 siento como si nunca me hubiera ido\u00bb, indic\u00f3.<\/p>\n<figure class=\"wp-block-image\"><img decoding=\"async\" src=\"https:\/\/i0.wp.com\/efe.com\/wp-content\/uploads\/2026\/04\/USA199-EEUU-FONSECA-edited.webp?resize=980%2C736&amp;ssl=1\" alt=\"Fonseca \u00abhonra el tiempo\u00bb con un nuevo \u00e1lbum fiel a su sonido \u00abtropical con visos de pop\u00bb - Noticias de hoy en Rep\u00fablica Dominicana | De \u00daltimo Minuto\" class=\"wp-image-2637954\" title=\"Fonseca \u00abhonra el tiempo\u00bb con un nuevo \u00e1lbum fiel a su sonido \u00abtropical con visos de pop\u00bb | 2 |\"><figcaption class=\"wp-element-caption\">El cantante colombiano Fonseca habla con EFE durante una entrevista en Miami (Estados Unidos). EFE\/Ivonne Malaver<\/figcaption><\/figure>\n<h3 class=\"wp-block-heading\">M\u00fasica \u00abmultigeneracional\u00bb<\/h3>\n<p>Fonseca, quien produjo el disco junto con Andy Clay, cont\u00f3 que se siente impactado de la acogida de varias generaciones que tuvo la gira mundial que acaba de terminar de su anterior \u00e1lbum, \u2018Tropicalia\u2019 (2024), que defini\u00f3 como \u00abla m\u00e1s importante\u00bb de su carrera.<\/p>\n<p>\u00abLa gente se las canta todas, y se conecta tanto con las canciones que escrib\u00ed hace veinte a\u00f1os como con las que son parte de \u2018Tropicalia\u2019. Es muy especial sentir que la gente sigue conectada y que me ha acompa\u00f1ado en el camino las distintas generaciones\u00bb, manifest\u00f3.<\/p>\n<p>Considera que esto se debe en parte a la base folcl\u00f3rica de su sonido tropical, que conecta con las ra\u00edces culturales de distintas edades. \u00abEse tipo de g\u00e9neros no pasan de moda porque son parte de la ra\u00edz de distintas culturas y distintos pa\u00edses\u00bb y \u00abla gran mayor\u00eda de la gente en alg\u00fan momento pasa como por ese folclor de su pa\u00eds y de su tierra, bien sea por sus pap\u00e1s o sus abuelos\u00bb.<\/p>\n<p>\u00abYo creo que el hecho como de llevar esas fusiones, pues definitivamente es multigeneracional\u00bb, subray\u00f3.<\/p>\n<h3 class=\"wp-block-heading\">Conservaci\u00f3n del sonido<\/h3>\n<p>Y aunque sostiene que en el nuevo \u00e1lbum no se fue directo con una \u00abhoja de ruta\u00bb a lo tropical, como con \u2018Tropicalia\u2019, s\u00ed conserva el sonido que ha trabajado durante muchos a\u00f1os, del cual se siente orgulloso por la capacidad de unir a diferentes p\u00fablicos.<\/p>\n<p>\u00abEso me encanta, porque mi m\u00fasica yo creo que le habla a cualquiera\u00bb, manifest\u00f3 Fonseca, quien prepara adem\u00e1s la nueva gira para octubre pr\u00f3ximo, que iniciar\u00e1 en Bogot\u00e1.<\/p>\n<p>El colombiano adem\u00e1s cantar\u00e1 el pr\u00f3ximo 26 de junio en Doral, como parte de la celebraciones del Mundial de F\u00fatbol, un d\u00eda antes del partido entre <a href=\"https:\/\/efe.com\/cultura\/2026-04-26\/fonseca-antes-que-el-tiempo-se-vaya\/\" data-type=\"link\" data-id=\"https:\/\/efe.com\/cultura\/2026-04-26\/fonseca-antes-que-el-tiempo-se-vaya\/\" target=\"_blank\" rel=\"noopener\">Colombia y Portugal,<\/a> que se celebra en Miami.<\/p>\n<p>Para el bogotano, la fiesta del f\u00fatbol es una muestra m\u00e1s de c\u00f3mo tanto el deporte como la m\u00fasica tienen el poder de unir a todos. \u00abLos dos son igual a fiesta, fiesta de uni\u00f3n; no creo que nunca hemos necesitado tanto en el mundo, creo que el Mundial llega en un momento pues muy adecuado\u00bb, manifest\u00f3.<\/p>\n<figure class=\"wp-block-image size-large\"><img loading=\"lazy\" decoding=\"async\" width=\"1024\" height=\"576\" src=\"https:\/\/cdn.deultimominuto.net\/wp-content\/uploads\/2026\/04\/fonseca-honra-el-tiempo-con-un-nuevo-album-fiel-a-su-sonido-tropical-con-viso-20260424-132453-hqfi-1200x675-1-1024x576.webp\" alt=\"Fonseca \u00abhonra el tiempo\u00bb con un nuevo \u00e1lbum fiel a su sonido \u00abtropical con visos de pop\u00bb - Noticias de hoy en Rep\u00fablica Dominicana | De \u00daltimo Minuto\" class=\"wp-image-646404\" title=\"Fonseca \u00abhonra el tiempo\u00bb con un nuevo \u00e1lbum fiel a su sonido \u00abtropical con visos de pop\u00bb | 3 |\"><\/figure>\n<p>\u200bMiami .- Fonseca lanz\u00f3 este viernes un nuevo \u00e1lbum, \u2018Antes que el tiempo se vaya\u2019, que describi\u00f3 en una entrevista con EFE como un \u00abhomenaje\u00bb al pasar de los a\u00f1os y una muestra de ese sonido suyo que ha trabajado durante toda su trayectoria: \u00abtropical con algunos visos de pop\u00bb. El cantautor explic\u00f3 que son\u00a0\u00a0Entretenimiento, \u00e1lbum fiel, Fonseca\u00a0\u00a0<\/p>\n","protected":false},"excerpt":{"rendered":"<p>Miami .- Fonseca lanz\u00f3 este viernes un nuevo \u00e1lbum, \u2018Antes que el tiempo se vaya\u2019, que describi\u00f3 en una entrevista con EFE como un \u00abhomenaje\u00bb al pasar de los a\u00f1os y una muestra de ese sonido suyo que ha trabajado durante toda su trayectoria: \u00abtropical con algunos visos de pop\u00bb. El cantautor explic\u00f3 que son [&hellip;]<\/p>\n","protected":false},"author":1,"featured_media":24708,"comment_status":"open","ping_status":"open","sticky":false,"template":"","format":"standard","meta":{"amp_status":"","footnotes":""},"categories":[3],"tags":[],"class_list":["post-24707","post","type-post","status-publish","format-standard","has-post-thumbnail","hentry","category-de-ultimo-minuto"],"_links":{"self":[{"href":"https:\/\/ermdigital.com\/index.php\/wp-json\/wp\/v2\/posts\/24707","targetHints":{"allow":["GET"]}}],"collection":[{"href":"https:\/\/ermdigital.com\/index.php\/wp-json\/wp\/v2\/posts"}],"about":[{"href":"https:\/\/ermdigital.com\/index.php\/wp-json\/wp\/v2\/types\/post"}],"author":[{"embeddable":true,"href":"https:\/\/ermdigital.com\/index.php\/wp-json\/wp\/v2\/users\/1"}],"replies":[{"embeddable":true,"href":"https:\/\/ermdigital.com\/index.php\/wp-json\/wp\/v2\/comments?post=24707"}],"version-history":[{"count":0,"href":"https:\/\/ermdigital.com\/index.php\/wp-json\/wp\/v2\/posts\/24707\/revisions"}],"wp:featuredmedia":[{"embeddable":true,"href":"https:\/\/ermdigital.com\/index.php\/wp-json\/wp\/v2\/media\/24708"}],"wp:attachment":[{"href":"https:\/\/ermdigital.com\/index.php\/wp-json\/wp\/v2\/media?parent=24707"}],"wp:term":[{"taxonomy":"category","embeddable":true,"href":"https:\/\/ermdigital.com\/index.php\/wp-json\/wp\/v2\/categories?post=24707"},{"taxonomy":"post_tag","embeddable":true,"href":"https:\/\/ermdigital.com\/index.php\/wp-json\/wp\/v2\/tags?post=24707"}],"curies":[{"name":"wp","href":"https:\/\/api.w.org\/{rel}","templated":true}]}}