{"id":24696,"date":"2026-04-26T18:49:04","date_gmt":"2026-04-26T22:49:04","guid":{"rendered":"https:\/\/ermdigital.com\/index.php\/2026\/04\/26\/politicas-publicas-fortalecen-el-desarrollo-del-deporte-la-cohesion-social-y-la-presencia-internacional-en-el-pais\/"},"modified":"2026-04-26T18:49:04","modified_gmt":"2026-04-26T22:49:04","slug":"politicas-publicas-fortalecen-el-desarrollo-del-deporte-la-cohesion-social-y-la-presencia-internacional-en-el-pais","status":"publish","type":"post","link":"https:\/\/ermdigital.com\/index.php\/2026\/04\/26\/politicas-publicas-fortalecen-el-desarrollo-del-deporte-la-cohesion-social-y-la-presencia-internacional-en-el-pais\/","title":{"rendered":"Pol\u00edticas p\u00fablicas fortalecen el desarrollo del deporte, la cohesi\u00f3n social y la presencia internacional en el pa\u00eds"},"content":{"rendered":"<p><span class=\"field field--name-title field--type-string field--label-hidden\">Pol\u00edticas p\u00fablicas fortalecen el desarrollo del deporte, la cohesi\u00f3n social y la presencia internacional en el pa\u00eds<\/span><br \/>\n<span class=\"field field--name-uid field--type-entity-reference field--label-hidden\"><span>yamellrossi<\/span><\/span><br \/>\n<span class=\"field field--name-created field--type-created field--label-hidden\"><time datetime=\"2026-04-26T18:49:04-04:00\" title=\"Domingo, Abril 26, 2026 - 18:49\" class=\"datetime\">26 de  Abril 2026 | 18:49<\/time><br \/>\n<\/span><\/p>\n<div class=\"clearfix text-formatted field field--name-body field--type-text-with-summary field--label-hidden field__item\">\n<p class=\"text-align-justify\"><span>Santo Domingo.- El director de la Direcci\u00f3n de Estrategia y Comunicaci\u00f3n Gubernamental <strong>(Diecom), F\u00e9lix Reyna<\/strong>, destac\u00f3 que la <strong>agenda de la semana<\/strong>\u00a0estuvo enfocada en la inauguraci\u00f3n de <strong>nuevas obras<\/strong>\u00a0para la gente, el impulso al <strong>deporte<\/strong>\u00a0<strong>nacional<\/strong>, el fortalecimiento de los <strong>programas sociales<\/strong>\u00a0y de las <strong>relaciones diplom\u00e1ticas<\/strong>\u00a0con pa\u00edses aliados.<\/span><\/p>\n<p class=\"text-align-justify\"><span><strong>Distrito Nacional estrena nuevo Malec\u00f3n Deportivo<\/strong><\/span><\/p>\n<p class=\"text-align-justify\"><span>Con el objetivo de transformar <strong>una zona hist\u00f3ricamente olvidada <\/strong>en un moderno espacio para el deporte, la recreaci\u00f3n y la convivencia familiar,<strong>\u00a0el presidente Luis Abinader<\/strong>\u00a0y la alcaldesa del Distrito Nacional, <strong>Carolina Mej\u00eda<\/strong>, encabezaron la inauguraci\u00f3n del <strong>Malec\u00f3n Deportivo<\/strong>, una intervenci\u00f3n de <strong>casi dos kil\u00f3metros en el litoral sur<\/strong>\u00a0de Santo Domingo.<\/span><\/p>\n<p class=\"text-align-justify\"><span>El proyecto convierte el frente mar\u00edtimo en un <strong>nuevo punto de encuentro<\/strong>\u00a0para los ciudadanos y en una <strong>referencia urbana<\/strong>\u00a0para la regi\u00f3n del Caribe.<\/span><\/p>\n<p class=\"text-align-justify\"><span>El mandatario resalt\u00f3 que la <strong>recuperaci\u00f3n<\/strong>\u00a0de estos espacios mejora la calidad de vida de las familias, al poner a disposici\u00f3n <strong>\u00e1reas seguras y adecuadas para el disfrute colectivo.<\/strong><\/span><\/p>\n<p class=\"text-align-justify\"><span>La obra, que abarca 90,000 metros cuadrados, cont\u00f3 con una inversi\u00f3n de <strong>RD 333 millones<\/strong>\u00a0y est\u00e1 distribuida en <strong>cuatro zonas<\/strong>\u00a0con est\u00e1ndares internacionales para la pr\u00e1ctica de <strong>f\u00fatbol, voleibol de playa, baloncesto 3&#215;3, p\u00e1del y skate.<\/strong><\/span><\/p>\n<p class=\"text-align-justify\"><span><strong>Instalaciones para Juegos Centroamericanos alcanzan 90 %<\/strong><\/span><\/p>\n<p class=\"text-align-justify\"><span>El presidente Abinader tambi\u00e9n supervis\u00f3 los trabajos de <strong>remozamiento en el Centro Ol\u00edmpico Juan Pablo Duarte<\/strong>, escenario principal de los <strong>XXV Juegos Centroamericanos y del Caribe Santo Domingo 2026.<\/strong><\/span><\/p>\n<p class=\"text-align-justify\"><span>Durante el recorrido inform\u00f3 que, junto a las obras ejecutadas en el Parque del Este, las instalaciones presentan un<strong>\u00a090 % de avance general.<\/strong><\/span><\/p>\n<p class=\"text-align-justify\"><span>Destac\u00f3 que las remodelaciones se desarrollan con <strong>criterios internacionales<\/strong>, lo que permitir\u00e1 albergar no solo los juegos regionales, sino <strong>futuras competencias de alto nivel.<\/strong><\/span><\/p>\n<p class=\"text-align-justify\"><span>El jefe de Estado expres\u00f3 satisfacci\u00f3n con el ritmo de ejecuci\u00f3n de las obras deportivas, donde pronto, \u00a0<strong>del 24 de julio al 8 de agosto,<\/strong>\u00a0participar\u00e1n unos <strong>6,200 atletas<\/strong>\u00a0y se disputar\u00e1 <strong>la mayor cantidad de medallas en la historia deportiva nacional.<\/strong><\/span><\/p>\n<p class=\"text-align-justify\"><span><strong>Estados Unidos, principal aliado de la Rep\u00fablica Dominican<\/strong><\/span><\/p>\n<p class=\"text-align-justify\"><span>El ministro Jos\u00e9 <strong>Ignacio Paliza<\/strong>\u00a0afirm\u00f3 durante una <strong>conferencia en Georgetown University <\/strong>que Estados Unidos representa <strong>el principal aliado y el pa\u00eds amigo m\u00e1s importante<\/strong>\u00a0para la Rep\u00fablica Dominicana.<\/span><\/p>\n<p class=\"text-align-justify\"><span>El funcionario explic\u00f3 que la <strong>relaci\u00f3n bilateral<\/strong>\u00a0se sostiene en <strong>lazos hist\u00f3ricos, valores democr\u00e1ticos compartidos y una profunda conexi\u00f3n humana<\/strong>\u00a0entre ambas naciones.<\/span><\/p>\n<p class=\"text-align-justify\"><span>Tambi\u00e9n resalt\u00f3 el <strong>aporte de la di\u00e1spora dominicana en territorio estadounidense<\/strong>, integrada por <strong>m\u00e1s de 1.6 millones de dominicanos<\/strong>, como puente permanente de intercambio econ\u00f3mico, cultural y social.<\/span><\/p>\n<p class=\"text-align-justify\"><span>Paliza sostuvo que ambos pa\u00edses deben continuar fortaleciendo una <strong>agenda com\u00fan de cooperaci\u00f3n y entendimiento.<\/strong><\/span><\/p>\n<p class=\"text-align-justify\"><span><strong>Nuevos embajadores presentan cartas credenciales<\/strong><\/span><\/p>\n<p class=\"text-align-justify\"><span>En el Palacio Nacional, el presidente Luis Abinader recibi\u00f3 las cartas credenciales de <strong>seis nuevos embajadores<\/strong>\u00a0acreditados en la Rep\u00fablica Dominicana.<\/span><\/p>\n<p class=\"text-align-justify\"><span>Los diplom\u00e1ticos corresponden a <strong>Italia, Suiza, Nueva Zelanda, San Marino, Finlandia y Suecia<\/strong>, naciones con las que el pa\u00eds mantiene v\u00ednculos de cooperaci\u00f3n, comercio e intercambio institucional.<\/span><\/p>\n<p class=\"text-align-justify\"><span>La ceremonia reafirm\u00f3 el compromiso de la Rep\u00fablica Dominicana con una <strong>pol\u00edtica exterior <\/strong>abierta al<strong>\u00a0di\u00e1logo, la colaboraci\u00f3n y el fortalecimiento <\/strong>de las relaciones internacionales.<\/span><\/p>\n<p class=\"text-align-justify\"><span><strong>Cercan\u00eda con familias beneficiarias de Sup\u00e9rate<\/strong><\/span><\/p>\n<p class=\"text-align-justify\"><span>Como parte de la <strong>agenda social<\/strong>, el presidente Abinader sostuvo un <strong>encuentro con 6,000 familias beneficiarias de Sup\u00e9rate<\/strong>, donde escuch\u00f3 <strong>testimonios, necesidades y propuestas<\/strong>\u00a0para seguir fortaleciendo la protecci\u00f3n social.<\/span><\/p>\n<p class=\"text-align-justify\"><span>El programa impacta a <strong>m\u00e1s de 1.4 millones de hogares <\/strong>en todo el pa\u00eds mediante iniciativas como <strong>Alim\u00e9ntate, Bono Gas, Bono Luz, Aprende, Avanza, Sup\u00e9rate Mujer y el Fondo de Discapacidad.<\/strong><\/span><\/p>\n<p class=\"text-align-justify\"><span>Durante la jornada, el mandatario reiter\u00f3 que las ayudas sociales est\u00e1n dirigidas a quienes m\u00e1s lo necesitan y <strong>llam\u00f3 a identificar nuevas familias en condici\u00f3n de vulnerabilidad<\/strong>\u00a0para ampliar el alcance de las respuestas p\u00fablicas.<\/span><\/p>\n<p class=\"text-align-justify\"><span>Adem\u00e1s, exhort\u00f3 a <strong>denunciar la violencia intrafamiliar <\/strong>y asegur\u00f3 que el Gobierno continuar\u00e1 ampliando los <strong>mecanismos de apoyo y acompa\u00f1amiento a las v\u00edctimas.<\/strong><\/span><\/p>\n<p class=\"text-align-justify\"><span><strong>Resultados con impacto directo<\/strong><\/span><\/p>\n<p class=\"text-align-justify\"><span>Estas acciones reflejan una gesti\u00f3n enfocada en <strong>obras de impacto, respaldo social, promoci\u00f3n del deporte y relaciones internacionales s\u00f3lidas<\/strong>, con decisiones orientadas a mejorar la vida de la gente y consolidar el desarrollo nacional.<\/span><\/p>\n<\/div>\n<div class=\"field field--name-field-image field--type-image field--label-hidden field__item\">  <img decoding=\"async\" loading=\"lazy\" src=\"https:\/\/www.presidencia.gob.do\/sites\/default\/files\/news\/2026-04\/1001570478.jpg\" width=\"2849\" height=\"1981\" alt=\"Presidente \"><\/p>\n<\/div>\n<p>\u00a0Pol\u00edticas p\u00fablicas fortalecen el desarrollo del deporte, la cohesi\u00f3n social y la presencia internacional en el pa\u00eds<br \/>\nyamellrossi<br \/>\n26 de  Abril 2026 | 18:49<\/p>\n<p>            Santo Domingo.- El director de la Direcci\u00f3n de Estrategia y Comunicaci\u00f3n Gubernamental (Diecom), F\u00e9lix Reyna, destac\u00f3 que la agenda de la semana\u00a0estuvo enfocada en la inauguraci\u00f3n de nuevas obras\u00a0para la gente, el impulso al deporte\u00a0nacional, el fortalecimiento de los programas sociales\u00a0y de las relaciones diplom\u00e1ticas\u00a0con pa\u00edses aliados.<br \/>\nDistrito Nacional estrena nuevo Malec\u00f3n Deportivo<br \/>\nCon el objetivo de transformar una zona hist\u00f3ricamente olvidada en un moderno espacio para el deporte, la recreaci\u00f3n y la convivencia familiar,\u00a0el presidente Luis Abinader\u00a0y la alcaldesa del Distrito Nacional, Carolina Mej\u00eda, encabezaron la inauguraci\u00f3n del Malec\u00f3n Deportivo, una intervenci\u00f3n de casi dos kil\u00f3metros en el litoral sur\u00a0de Santo Domingo.<br \/>\nEl proyecto convierte el frente mar\u00edtimo en un nuevo punto de encuentro\u00a0para los ciudadanos y en una referencia urbana\u00a0para la regi\u00f3n del Caribe.<br \/>\nEl mandatario resalt\u00f3 que la recuperaci\u00f3n\u00a0de estos espacios mejora la calidad de vida de las familias, al poner a disposici\u00f3n \u00e1reas seguras y adecuadas para el disfrute colectivo.<br \/>\nLa obra, que abarca 90,000 metros cuadrados, cont\u00f3 con una inversi\u00f3n de RD 333 millones\u00a0y est\u00e1 distribuida en cuatro zonas\u00a0con est\u00e1ndares internacionales para la pr\u00e1ctica de f\u00fatbol, voleibol de playa, baloncesto 3&#215;3, p\u00e1del y skate.<br \/>\nInstalaciones para Juegos Centroamericanos alcanzan 90 %<br \/>\nEl presidente Abinader tambi\u00e9n supervis\u00f3 los trabajos de remozamiento en el Centro Ol\u00edmpico Juan Pablo Duarte, escenario principal de los XXV Juegos Centroamericanos y del Caribe Santo Domingo 2026.<br \/>\nDurante el recorrido inform\u00f3 que, junto a las obras ejecutadas en el Parque del Este, las instalaciones presentan un\u00a090 % de avance general.<br \/>\nDestac\u00f3 que las remodelaciones se desarrollan con criterios internacionales, lo que permitir\u00e1 albergar no solo los juegos regionales, sino futuras competencias de alto nivel.<br \/>\nEl jefe de Estado expres\u00f3 satisfacci\u00f3n con el ritmo de ejecuci\u00f3n de las obras deportivas, donde pronto, \u00a0del 24 de julio al 8 de agosto,\u00a0participar\u00e1n unos 6,200 atletas\u00a0y se disputar\u00e1 la mayor cantidad de medallas en la historia deportiva nacional.<br \/>\nEstados Unidos, principal aliado de la Rep\u00fablica Dominican<br \/>\nEl ministro Jos\u00e9 Ignacio Paliza\u00a0afirm\u00f3 durante una conferencia en Georgetown University que Estados Unidos representa el principal aliado y el pa\u00eds amigo m\u00e1s importante\u00a0para la Rep\u00fablica Dominicana.<br \/>\nEl funcionario explic\u00f3 que la relaci\u00f3n bilateral\u00a0se sostiene en lazos hist\u00f3ricos, valores democr\u00e1ticos compartidos y una profunda conexi\u00f3n humana\u00a0entre ambas naciones.<br \/>\nTambi\u00e9n resalt\u00f3 el aporte de la di\u00e1spora dominicana en territorio estadounidense, integrada por m\u00e1s de 1.6 millones de dominicanos, como puente permanente de intercambio econ\u00f3mico, cultural y social.<br \/>\nPaliza sostuvo que ambos pa\u00edses deben continuar fortaleciendo una agenda com\u00fan de cooperaci\u00f3n y entendimiento.<br \/>\nNuevos embajadores presentan cartas credenciales<br \/>\nEn el Palacio Nacional, el presidente Luis Abinader recibi\u00f3 las cartas credenciales de seis nuevos embajadores\u00a0acreditados en la Rep\u00fablica Dominicana.<br \/>\nLos diplom\u00e1ticos corresponden a Italia, Suiza, Nueva Zelanda, San Marino, Finlandia y Suecia, naciones con las que el pa\u00eds mantiene v\u00ednculos de cooperaci\u00f3n, comercio e intercambio institucional.<br \/>\nLa ceremonia reafirm\u00f3 el compromiso de la Rep\u00fablica Dominicana con una pol\u00edtica exterior abierta al\u00a0di\u00e1logo, la colaboraci\u00f3n y el fortalecimiento de las relaciones internacionales.<br \/>\nCercan\u00eda con familias beneficiarias de Sup\u00e9rate<br \/>\nComo parte de la agenda social, el presidente Abinader sostuvo un encuentro con 6,000 familias beneficiarias de Sup\u00e9rate, donde escuch\u00f3 testimonios, necesidades y propuestas\u00a0para seguir fortaleciendo la protecci\u00f3n social.<br \/>\nEl programa impacta a m\u00e1s de 1.4 millones de hogares en todo el pa\u00eds mediante iniciativas como Alim\u00e9ntate, Bono Gas, Bono Luz, Aprende, Avanza, Sup\u00e9rate Mujer y el Fondo de Discapacidad.<br \/>\nDurante la jornada, el mandatario reiter\u00f3 que las ayudas sociales est\u00e1n dirigidas a quienes m\u00e1s lo necesitan y llam\u00f3 a identificar nuevas familias en condici\u00f3n de vulnerabilidad\u00a0para ampliar el alcance de las respuestas p\u00fablicas.<br \/>\nAdem\u00e1s, exhort\u00f3 a denunciar la violencia intrafamiliar y asegur\u00f3 que el Gobierno continuar\u00e1 ampliando los mecanismos de apoyo y acompa\u00f1amiento a las v\u00edctimas.<br \/>\nResultados con impacto directo<br \/>\nEstas acciones reflejan una gesti\u00f3n enfocada en obras de impacto, respaldo social, promoci\u00f3n del deporte y relaciones internacionales s\u00f3lidas, con decisiones orientadas a mejorar la vida de la gente y consolidar el desarrollo nacional.\u00a0\u00a0\u00a0<\/p>\n","protected":false},"excerpt":{"rendered":"<p>Pol\u00edticas p\u00fablicas fortalecen el desarrollo del deporte, la cohesi\u00f3n social y la presencia internacional en el pa\u00eds yamellrossi 26 de Abril 2026 | 18:49 Santo Domingo.- El director de la Direcci\u00f3n de Estrategia y Comunicaci\u00f3n Gubernamental (Diecom), F\u00e9lix Reyna, destac\u00f3 que la agenda de la semana\u00a0estuvo enfocada en la inauguraci\u00f3n de nuevas obras\u00a0para la gente, [&hellip;]<\/p>\n","protected":false},"author":1,"featured_media":24697,"comment_status":"open","ping_status":"open","sticky":false,"template":"","format":"standard","meta":{"amp_status":"","footnotes":""},"categories":[8],"tags":[],"class_list":["post-24696","post","type-post","status-publish","format-standard","has-post-thumbnail","hentry","category-republica"],"_links":{"self":[{"href":"https:\/\/ermdigital.com\/index.php\/wp-json\/wp\/v2\/posts\/24696","targetHints":{"allow":["GET"]}}],"collection":[{"href":"https:\/\/ermdigital.com\/index.php\/wp-json\/wp\/v2\/posts"}],"about":[{"href":"https:\/\/ermdigital.com\/index.php\/wp-json\/wp\/v2\/types\/post"}],"author":[{"embeddable":true,"href":"https:\/\/ermdigital.com\/index.php\/wp-json\/wp\/v2\/users\/1"}],"replies":[{"embeddable":true,"href":"https:\/\/ermdigital.com\/index.php\/wp-json\/wp\/v2\/comments?post=24696"}],"version-history":[{"count":0,"href":"https:\/\/ermdigital.com\/index.php\/wp-json\/wp\/v2\/posts\/24696\/revisions"}],"wp:featuredmedia":[{"embeddable":true,"href":"https:\/\/ermdigital.com\/index.php\/wp-json\/wp\/v2\/media\/24697"}],"wp:attachment":[{"href":"https:\/\/ermdigital.com\/index.php\/wp-json\/wp\/v2\/media?parent=24696"}],"wp:term":[{"taxonomy":"category","embeddable":true,"href":"https:\/\/ermdigital.com\/index.php\/wp-json\/wp\/v2\/categories?post=24696"},{"taxonomy":"post_tag","embeddable":true,"href":"https:\/\/ermdigital.com\/index.php\/wp-json\/wp\/v2\/tags?post=24696"}],"curies":[{"name":"wp","href":"https:\/\/api.w.org\/{rel}","templated":true}]}}